{"id":10699,"date":"2021-06-27T10:33:51","date_gmt":"2021-06-27T08:33:51","guid":{"rendered":"http:\/\/latelierdediablotin.fr\/WordPress3\/?p=10699"},"modified":"2025-01-28T15:52:24","modified_gmt":"2025-01-28T14:52:24","slug":"un-nouveau-dimanche-a-lopera","status":"publish","type":"post","link":"https:\/\/latelierdediablotin.fr\/WordPress3\/un-nouveau-dimanche-a-lopera\/","title":{"rendered":"Un nouveau dimanche \u00e0 l&rsquo;op\u00e9ra"},"content":{"rendered":"<p style=\"text-align: justify;\">Alors qu\u2019un semblant de vie sociale reprend peu \u00e0 peu ses droits &#8211;<em>pourvu que \u00e7a dure<\/em>&#8211; et apr\u00e8s avoir fait le tour des bureaux de vote d\u00e8s leur ouverture, c\u2019est confortablement install\u00e9 \u00e0 l\u2019op\u00e9ra que je passe la matin\u00e9e, en fort belle compagnie ! &#8211;<em>Cliquer sur l\u2019image pour la voir en plus grand<\/em>-.<\/p>\n<p style=\"text-align: justify;\"><a href=\"https:\/\/latelierdediablotin.fr\/WordPress3\/wp-content\/uploads\/2021\/06\/Playlist27062021.jpg\"><img loading=\"lazy\" decoding=\"async\" class=\"alignleft size-medium wp-image-10700\" src=\"https:\/\/latelierdediablotin.fr\/WordPress3\/wp-content\/uploads\/2021\/06\/Playlist27062021-300x300.jpg\" alt=\"\" width=\"300\" height=\"300\" srcset=\"https:\/\/latelierdediablotin.fr\/WordPress3\/wp-content\/uploads\/2021\/06\/Playlist27062021-300x300.jpg 300w, https:\/\/latelierdediablotin.fr\/WordPress3\/wp-content\/uploads\/2021\/06\/Playlist27062021-150x150.jpg 150w, https:\/\/latelierdediablotin.fr\/WordPress3\/wp-content\/uploads\/2021\/06\/Playlist27062021-100x100.jpg 100w, https:\/\/latelierdediablotin.fr\/WordPress3\/wp-content\/uploads\/2021\/06\/Playlist27062021.jpg 600w\" sizes=\"auto, (max-width: 300px) 100vw, 300px\" \/><\/a><strong>\u00ab\u00a0Le chevalier \u00e0 la rose\u00a0\u00bb<\/strong>, de Richard Strauss, n\u2019est pas l\u2019op\u00e9ra du compositeur vers lequel je me dirige le plus spontan\u00e9ment &#8211;<em>ce serait plut\u00f4t Salom\u00e9 ou Elektra<\/em>-, mais je l\u2019appr\u00e9cie beaucoup \u00e9galement, malgr\u00e9 son argument un peu kitsch et aux rebondissements improbables : une vraie com\u00e9die de moeurs tr\u00e8s \u00ab\u00a0lubistchiennne\u00a0\u00bb !<\/p>\n<p style=\"text-align: justify;\"><span style=\"font-size: 11pt;\"><strong><em><span style=\"color: #0000ff;\">\u00ab\u00a0A Vienne, dans la seconde moiti\u00e9 du XVIIIe si\u00e8cle. Alors que la Mar\u00e9chale se r\u00e9veille d\u2019une nuit passionn\u00e9e avec son amant Octavian, son cousin le Baron Ochs vient la d\u00e9ranger pour lui annoncer ses fian\u00e7ailles avec la jeune Sophie\u00a0: il faut, selon les traditions, qu\u2019un chevalier aille porter \u00e0 la fianc\u00e9e une rose d\u2019argent avant le mariage.<\/span><\/em><\/strong><\/span><br \/>\n<span style=\"color: #0000ff; font-size: 11pt;\"><em><strong>Octavian est choisi pour \u00eatre le porteur de la rose. Toutefois, lorsqu\u2019il vient pr\u00e9senter cette rose \u00e0 Sophie, les deux jeunes gens succombent \u00e0 un coup de foudre imm\u00e9diat. D\u00e9sormais, Sophie n\u2019est plus gu\u00e8re press\u00e9e d\u2019\u00e9pouser Ochs, aussi pleutre et grossier que prompt \u00e0 s\u2019encanailler avec la premi\u00e8re femme de chambre venue.<\/strong><\/em><\/span><br \/>\n<span style=\"color: #0000ff; font-size: 11pt;\"><em><strong>Le pi\u00e8ge tendu par Octavian se refermera sur lui, et le Baron Ochs, surpris en galante compagnie, n\u2019aura plus qu\u2019\u00e0 renoncer \u00e0 ses noces, et \u00e0 s\u2019effacer devant l\u2019amour solaire de Sophie et Octavian \u2013 cause de quelques larmes chez la Mar\u00e9chale.\u00a0\u00bb<\/strong><\/em><\/span><\/p>\n<p style=\"text-align: justify;\">La version de ce jour &#8211;<em>un excellent enregistrement studio de 1954 tr\u00e8s bien remast\u00e9ris\u00e9 pour le CD<\/em>-, qui propose le gratin de la troupe des chanteurs de l\u2019op\u00e9ra de Vienne dans les ann\u00e9es 50 &#8211;<em>mention sp\u00e9ciale pour l&rsquo;Octavian de Sena Jurinac, absolument remarquable<\/em>-, est assez formidable, plus rude et anguleuse et moins port\u00e9e vers la nostalgie tr\u00e8s \u00ab\u00a0fin de r\u00e8gne\u00a0\u00bb que certaines propositions enjoliv\u00e9es, voire enrubann\u00e9es, que l\u2019on entend souvent dans cet op\u00e9ra.<\/p>\n<p style=\"text-align: center;\"><strong>J&rsquo;aime beaucoup cette approche originale !<\/strong><\/p>\n<p><center><iframe loading=\"lazy\" title=\"YouTube video player\" src=\"https:\/\/www.youtube.com\/embed\/GV-ym2R5r0E\" width=\"560\" height=\"315\" frameborder=\"0\" allowfullscreen=\"allowfullscreen\"><\/iframe><\/center><\/p>\n","protected":false},"excerpt":{"rendered":"<p>Alors qu\u2019un semblant de vie sociale reprend peu \u00e0 peu ses droits &#8211;pourvu que \u00e7a dure&#8211; et apr\u00e8s avoir fait le tour des bureaux de vote d\u00e8s leur ouverture, c\u2019est confortablement install\u00e9 \u00e0 l\u2019op\u00e9ra que je passe la matin\u00e9e, en fort belle compagnie ! &#8211;Cliquer sur l\u2019image pour la voir en plus grand-. \u00ab\u00a0Le chevalier [&hellip;]<\/p>\n","protected":false},"author":667,"featured_media":0,"comment_status":"open","ping_status":"open","sticky":false,"template":"","format":"standard","meta":{"site-sidebar-layout":"default","site-content-layout":"","ast-site-content-layout":"default","site-content-style":"default","site-sidebar-style":"default","ast-global-header-display":"","ast-banner-title-visibility":"","ast-main-header-display":"","ast-hfb-above-header-display":"","ast-hfb-below-header-display":"","ast-hfb-mobile-header-display":"","site-post-title":"","ast-breadcrumbs-content":"","ast-featured-img":"","footer-sml-layout":"","ast-disable-related-posts":"","theme-transparent-header-meta":"default","adv-header-id-meta":"","stick-header-meta":"","header-above-stick-meta":"","header-main-stick-meta":"","header-below-stick-meta":"","astra-migrate-meta-layouts":"set","ast-page-background-enabled":"default","ast-page-background-meta":{"desktop":{"background-color":"var(--ast-global-color-4)","background-image":"","background-repeat":"repeat","background-position":"center center","background-size":"auto","background-attachment":"scroll","background-type":"","background-media":"","overlay-type":"","overlay-color":"","overlay-opacity":"","overlay-gradient":""},"tablet":{"background-color":"","background-image":"","background-repeat":"repeat","background-position":"center center","background-size":"auto","background-attachment":"scroll","background-type":"","background-media":"","overlay-type":"","overlay-color":"","overlay-opacity":"","overlay-gradient":""},"mobile":{"background-color":"","background-image":"","background-repeat":"repeat","background-position":"center center","background-size":"auto","background-attachment":"scroll","background-type":"","background-media":"","overlay-type":"","overlay-color":"","overlay-opacity":"","overlay-gradient":""}},"ast-content-background-meta":{"desktop":{"background-color":"var(--ast-global-color-5)","background-image":"","background-repeat":"repeat","background-position":"center center","background-size":"auto","background-attachment":"scroll","background-type":"","background-media":"","overlay-type":"","overlay-color":"","overlay-opacity":"","overlay-gradient":""},"tablet":{"background-color":"var(--ast-global-color-5)","background-image":"","background-repeat":"repeat","background-position":"center center","background-size":"auto","background-attachment":"scroll","background-type":"","background-media":"","overlay-type":"","overlay-color":"","overlay-opacity":"","overlay-gradient":""},"mobile":{"background-color":"var(--ast-global-color-5)","background-image":"","background-repeat":"repeat","background-position":"center center","background-size":"auto","background-attachment":"scroll","background-type":"","background-media":"","overlay-type":"","overlay-color":"","overlay-opacity":"","overlay-gradient":""}},"footnotes":""},"categories":[2,295,4],"tags":[67,40],"class_list":["post-10699","post","type-post","status-publish","format-standard","hentry","category-au-jour-le-jour","category-dimanche-a-lopera","category-musique","tag-opera","tag-strauss"],"_links":{"self":[{"href":"https:\/\/latelierdediablotin.fr\/WordPress3\/wp-json\/wp\/v2\/posts\/10699","targetHints":{"allow":["GET"]}}],"collection":[{"href":"https:\/\/latelierdediablotin.fr\/WordPress3\/wp-json\/wp\/v2\/posts"}],"about":[{"href":"https:\/\/latelierdediablotin.fr\/WordPress3\/wp-json\/wp\/v2\/types\/post"}],"author":[{"embeddable":true,"href":"https:\/\/latelierdediablotin.fr\/WordPress3\/wp-json\/wp\/v2\/users\/667"}],"replies":[{"embeddable":true,"href":"https:\/\/latelierdediablotin.fr\/WordPress3\/wp-json\/wp\/v2\/comments?post=10699"}],"version-history":[{"count":0,"href":"https:\/\/latelierdediablotin.fr\/WordPress3\/wp-json\/wp\/v2\/posts\/10699\/revisions"}],"wp:attachment":[{"href":"https:\/\/latelierdediablotin.fr\/WordPress3\/wp-json\/wp\/v2\/media?parent=10699"}],"wp:term":[{"taxonomy":"category","embeddable":true,"href":"https:\/\/latelierdediablotin.fr\/WordPress3\/wp-json\/wp\/v2\/categories?post=10699"},{"taxonomy":"post_tag","embeddable":true,"href":"https:\/\/latelierdediablotin.fr\/WordPress3\/wp-json\/wp\/v2\/tags?post=10699"}],"curies":[{"name":"wp","href":"https:\/\/api.w.org\/{rel}","templated":true}]}}