{"id":12080,"date":"2023-04-24T10:36:14","date_gmt":"2023-04-24T08:36:14","guid":{"rendered":"https:\/\/latelierdediablotin.fr\/WordPress3\/?p=12080"},"modified":"2023-04-24T10:36:14","modified_gmt":"2023-04-24T08:36:14","slug":"playlist-jeune-virtuose-de-la-baguette","status":"publish","type":"post","link":"https:\/\/latelierdediablotin.fr\/WordPress3\/playlist-jeune-virtuose-de-la-baguette\/","title":{"rendered":"Playlist\u00a0\u00ab\u00a0Jeune virtuose de la baguette\u00a0\u00bb"},"content":{"rendered":"<p style=\"text-align: justify;\">La playlist du jour, assez courte, est consacr\u00e9e \u00e0 un coffret que j\u2019avais achet\u00e9 il y a quelques temps d\u00e9j\u00e0 sur la boutique en ligne italienne, o\u00f9 il \u00e9tait encore accessible \u00e0 prix r\u00e9duit &#8211;<em>ce n\u2019est plus le cas d\u00e9sormais : en France ou ailleurs en Europe : il est nettement plus cher (quasiment le double), en ces temps d\u2019inflation galopante<\/em>-. Bien que pr\u00e9sent sur mes \u00e9tag\u00e8res depuis deux ans, je ne l\u2019ai pas encore totalement apprivois\u00e9, et l\u2019occasion \u00e9tait donc belle de le c\u00f4toyer d\u2019un peu plus pr\u00e8s. &#8211;<em>Cliquer sur l\u2019image pour la voir en plus grand<\/em>-.<\/p>\n<p><a href=\"https:\/\/latelierdediablotin.fr\/WordPress3\/wp-content\/uploads\/2023\/04\/Playlist24042023.jpg\"><img loading=\"lazy\" decoding=\"async\" class=\"aligncenter size-full wp-image-12081\" src=\"https:\/\/latelierdediablotin.fr\/WordPress3\/wp-content\/uploads\/2023\/04\/Playlist24042023.jpg\" alt=\"\" width=\"1500\" height=\"525\" srcset=\"https:\/\/latelierdediablotin.fr\/WordPress3\/wp-content\/uploads\/2023\/04\/Playlist24042023.jpg 1500w, https:\/\/latelierdediablotin.fr\/WordPress3\/wp-content\/uploads\/2023\/04\/Playlist24042023-300x105.jpg 300w, https:\/\/latelierdediablotin.fr\/WordPress3\/wp-content\/uploads\/2023\/04\/Playlist24042023-1024x358.jpg 1024w, https:\/\/latelierdediablotin.fr\/WordPress3\/wp-content\/uploads\/2023\/04\/Playlist24042023-768x269.jpg 768w\" sizes=\"auto, (max-width: 1500px) 100vw, 1500px\" \/><\/a><\/p>\n<p style=\"text-align: justify;\">Consacr\u00e9 \u00ab\u00a0star de la baguette\u00a0\u00bb tr\u00e8s t\u00f4t dans sa carri\u00e8re, il connut une ascension fulgurante, doubl\u00e9e, d\u00e8s la fin des ann\u00e9es 60, d&rsquo;un manque de reconnaissance assez fermement \u00e9tabli en France, pour des raisons qui me semblent d\u00e9passer l&rsquo;entendement. Sa carri\u00e8re discographique est tr\u00e8s importante : le coffret du jour propose les premiers enregistrements parus chez Deutsche Grammophon, mais il enregistra l&rsquo;essentiel de sa discographie chez CBS-Sony, avec quelques entorses chez HMV-EMI ou Decca &#8211;<em>une tr\u00e8s belle int\u00e9grale des symphonies de Sibelius avec Vienne pour cette derni\u00e8re firme<\/em>-.<\/p>\n<p style=\"text-align: justify;\"><strong>\u2022<\/strong> Le premier disque \u00e9cout\u00e9 comporte des pi\u00e8ces plut\u00f4t virtuoses et sonores, pas inoubliables mais pas d\u00e9sagr\u00e9ables non plus et qui conviennent tr\u00e8s bien \u00e0 ce remarquable technicien de la baguette, \u00e0 la battue tr\u00e8s claire et imm\u00e9diatement lisible, qu\u2019\u00e9tait le chef am\u00e9ricain &#8211;<em>une violoniste de l\u2019orchestre de Paris m\u2019a affirm\u00e9 il y a plusieurs ann\u00e9es que la m\u00e9moire prodigieuse et l\u2019infaillibilit\u00e9 technique de Lorin Maazel constituait de tr\u00e8s loin son meilleur souvenir de musicienne d\u2019orchestre<\/em>-.<br \/>\n<strong>\u2022 <\/strong>Comme je suis g\u00e9n\u00e9ralement assez herm\u00e9tique aux symphonies de Brahms, je ne porterai pas de jugement sur cette troisi\u00e8me symphonie : son \u00e9coute m\u2019a suffisamment content\u00e9 pour que je ne passe pas rapidement \u00e0 autre chose, sans laisser de souvenir particuli\u00e8rement marquant non plus !<br \/>\n<strong>\u2022 <\/strong>La \u00ab Symphonie Inachev\u00e9e \u00bb de Schubert fut la premi\u00e8re oeuvre que Maazel donna en concert, \u00e0 l\u2019\u00e2ge de huit ans ! Elle est reprise sur le troisi\u00e8me disque, accompagn\u00e9e de la quatri\u00e8me \u00ab Symphonie Tragique \u00bb. Le coffret comporte par ailleurs une quasi-int\u00e9grale des symphonies du compositeur, \u00e0 une \u00e9poque o\u00f9, hors la 8 et dans une moindre mesure la 9, \u00a0elles \u00e9taient encore tr\u00e8s peu enregistr\u00e9es. A part l\u2019Inachev\u00e9e, les symphonies de Schubert me sont \u00e0 peu pr\u00e8s aussi \u00e9trang\u00e8res que celles de Brahms &#8211;<em>et cette \u00ab\u00a0Tragique\u00a0\u00bb est presqu&rsquo;assommante par moment, avec son finale qui semble interminable, cf. extrait ci-dessous<\/em>-\u2026 Pour autant, je compte bien arriver \u00e0 la fin du disque !<\/p>\n<audio class=\"wp-audio-shortcode\" id=\"audio-12080-1\" preload=\"none\" style=\"width: 100%;\" controls=\"controls\"><source type=\"audio\/mpeg\" src=\"https:\/\/latelierdediablotin.fr\/WordPress3\/wp-content\/uploads\/2023\/04\/Extrait24042023.mp3?_=1\" \/><a href=\"https:\/\/latelierdediablotin.fr\/WordPress3\/wp-content\/uploads\/2023\/04\/Extrait24042023.mp3\">https:\/\/latelierdediablotin.fr\/WordPress3\/wp-content\/uploads\/2023\/04\/Extrait24042023.mp3<\/a><\/audio>\n<p><a href=\"https:\/\/latelierdediablotin.fr\/WordPress3\/wp-content\/uploads\/2023\/04\/LMaazel042023.jpg\"><img loading=\"lazy\" decoding=\"async\" class=\"aligncenter size-full wp-image-12082\" src=\"https:\/\/latelierdediablotin.fr\/WordPress3\/wp-content\/uploads\/2023\/04\/LMaazel042023.jpg\" alt=\"\" width=\"750\" height=\"358\" srcset=\"https:\/\/latelierdediablotin.fr\/WordPress3\/wp-content\/uploads\/2023\/04\/LMaazel042023.jpg 750w, https:\/\/latelierdediablotin.fr\/WordPress3\/wp-content\/uploads\/2023\/04\/LMaazel042023-300x143.jpg 300w\" sizes=\"auto, (max-width: 750px) 100vw, 750px\" \/><\/a><\/p>\n","protected":false},"excerpt":{"rendered":"<p>La playlist du jour, assez courte, est consacr\u00e9e \u00e0 un coffret que j\u2019avais achet\u00e9 il y a quelques temps d\u00e9j\u00e0 sur la boutique en ligne italienne, o\u00f9 il \u00e9tait encore accessible \u00e0 prix r\u00e9duit &#8211;ce n\u2019est plus le cas d\u00e9sormais : en France ou ailleurs en Europe : il est nettement plus cher (quasiment le [&hellip;]<\/p>\n","protected":false},"author":667,"featured_media":0,"comment_status":"open","ping_status":"open","sticky":false,"template":"","format":"standard","meta":{"site-sidebar-layout":"default","site-content-layout":"","ast-site-content-layout":"default","site-content-style":"default","site-sidebar-style":"default","ast-global-header-display":"","ast-banner-title-visibility":"","ast-main-header-display":"","ast-hfb-above-header-display":"","ast-hfb-below-header-display":"","ast-hfb-mobile-header-display":"","site-post-title":"","ast-breadcrumbs-content":"","ast-featured-img":"","footer-sml-layout":"","ast-disable-related-posts":"","theme-transparent-header-meta":"","adv-header-id-meta":"","stick-header-meta":"","header-above-stick-meta":"","header-main-stick-meta":"","header-below-stick-meta":"","astra-migrate-meta-layouts":"default","ast-page-background-enabled":"default","ast-page-background-meta":{"desktop":{"background-color":"var(--ast-global-color-4)","background-image":"","background-repeat":"repeat","background-position":"center center","background-size":"auto","background-attachment":"scroll","background-type":"","background-media":"","overlay-type":"","overlay-color":"","overlay-opacity":"","overlay-gradient":""},"tablet":{"background-color":"","background-image":"","background-repeat":"repeat","background-position":"center center","background-size":"auto","background-attachment":"scroll","background-type":"","background-media":"","overlay-type":"","overlay-color":"","overlay-opacity":"","overlay-gradient":""},"mobile":{"background-color":"","background-image":"","background-repeat":"repeat","background-position":"center center","background-size":"auto","background-attachment":"scroll","background-type":"","background-media":"","overlay-type":"","overlay-color":"","overlay-opacity":"","overlay-gradient":""}},"ast-content-background-meta":{"desktop":{"background-color":"var(--ast-global-color-5)","background-image":"","background-repeat":"repeat","background-position":"center center","background-size":"auto","background-attachment":"scroll","background-type":"","background-media":"","overlay-type":"","overlay-color":"","overlay-opacity":"","overlay-gradient":""},"tablet":{"background-color":"var(--ast-global-color-5)","background-image":"","background-repeat":"repeat","background-position":"center center","background-size":"auto","background-attachment":"scroll","background-type":"","background-media":"","overlay-type":"","overlay-color":"","overlay-opacity":"","overlay-gradient":""},"mobile":{"background-color":"var(--ast-global-color-5)","background-image":"","background-repeat":"repeat","background-position":"center center","background-size":"auto","background-attachment":"scroll","background-type":"","background-media":"","overlay-type":"","overlay-color":"","overlay-opacity":"","overlay-gradient":""}},"footnotes":""},"categories":[2,4],"tags":[114,97,86,125,111],"class_list":["post-12080","post","type-post","status-publish","format-standard","hentry","category-au-jour-le-jour","category-musique","tag-brahms","tag-chef-dorchestre","tag-discotheque","tag-schubert","tag-symphonies"],"_links":{"self":[{"href":"https:\/\/latelierdediablotin.fr\/WordPress3\/wp-json\/wp\/v2\/posts\/12080","targetHints":{"allow":["GET"]}}],"collection":[{"href":"https:\/\/latelierdediablotin.fr\/WordPress3\/wp-json\/wp\/v2\/posts"}],"about":[{"href":"https:\/\/latelierdediablotin.fr\/WordPress3\/wp-json\/wp\/v2\/types\/post"}],"author":[{"embeddable":true,"href":"https:\/\/latelierdediablotin.fr\/WordPress3\/wp-json\/wp\/v2\/users\/667"}],"replies":[{"embeddable":true,"href":"https:\/\/latelierdediablotin.fr\/WordPress3\/wp-json\/wp\/v2\/comments?post=12080"}],"version-history":[{"count":0,"href":"https:\/\/latelierdediablotin.fr\/WordPress3\/wp-json\/wp\/v2\/posts\/12080\/revisions"}],"wp:attachment":[{"href":"https:\/\/latelierdediablotin.fr\/WordPress3\/wp-json\/wp\/v2\/media?parent=12080"}],"wp:term":[{"taxonomy":"category","embeddable":true,"href":"https:\/\/latelierdediablotin.fr\/WordPress3\/wp-json\/wp\/v2\/categories?post=12080"},{"taxonomy":"post_tag","embeddable":true,"href":"https:\/\/latelierdediablotin.fr\/WordPress3\/wp-json\/wp\/v2\/tags?post=12080"}],"curies":[{"name":"wp","href":"https:\/\/api.w.org\/{rel}","templated":true}]}}