{"id":12934,"date":"2024-05-20T09:01:24","date_gmt":"2024-05-20T07:01:24","guid":{"rendered":"https:\/\/latelierdediablotin.fr\/WordPress3\/?p=12934"},"modified":"2024-05-20T09:02:17","modified_gmt":"2024-05-20T07:02:17","slug":"un-jour-un-album-mahler-apaise-symphonies-david-zinman","status":"publish","type":"post","link":"https:\/\/latelierdediablotin.fr\/WordPress3\/un-jour-un-album-mahler-apaise-symphonies-david-zinman\/","title":{"rendered":"Un jour, un album \u2013 Mahler apais\u00e9 \u2022 Symphonies, David Zinman"},"content":{"rendered":"<p style=\"text-align: justify;\">J\u2019ai d\u00e9couvert Gustav Mahler assez jeune, encore adolescent, et, tr\u00e8s vite, j\u2019ai \u00e9t\u00e9 passionn\u00e9 par les symphonies de ce compositeur, entamant mes d\u00e9couvertes par la premi\u00e8re puis la quatri\u00e8me symphonies &#8211;<em>les plus faciles d\u2019acc\u00e8s \u00e0 mon avis<\/em>&#8211; et \u00e9largissant ensuite progressivement mes explorations jusqu\u2019\u00e0 les conna\u00eetre et les appr\u00e9cier toutes, sauf la huiti\u00e8me dite \u00ab\u00a0Symphonie des Mille\u00a0\u00bb, que j\u2019ai toujours d\u00e9test\u00e9e cordialement et que je ne comprends pas &#8211;<em>je la trouve grandiloquente, clinquante et, pour tout dire, inint\u00e9ressante<\/em>-. Sa premi\u00e8re symphonie \u00e9tait d&rsquo;ailleurs l&rsquo;un de mes dix premiers CD, tous genres confondus.<br \/>\n<a href=\"https:\/\/latelierdediablotin.fr\/WordPress3\/wp-content\/uploads\/2024\/05\/Mahler_Kubelik_EcoLP.jpg\"><img loading=\"lazy\" decoding=\"async\" class=\"alignright wp-image-12935\" src=\"https:\/\/latelierdediablotin.fr\/WordPress3\/wp-content\/uploads\/2024\/05\/Mahler_Kubelik_EcoLP.jpg\" alt=\"\" width=\"200\" height=\"200\" srcset=\"https:\/\/latelierdediablotin.fr\/WordPress3\/wp-content\/uploads\/2024\/05\/Mahler_Kubelik_EcoLP.jpg 500w, https:\/\/latelierdediablotin.fr\/WordPress3\/wp-content\/uploads\/2024\/05\/Mahler_Kubelik_EcoLP-300x300.jpg 300w, https:\/\/latelierdediablotin.fr\/WordPress3\/wp-content\/uploads\/2024\/05\/Mahler_Kubelik_EcoLP-150x150.jpg 150w, https:\/\/latelierdediablotin.fr\/WordPress3\/wp-content\/uploads\/2024\/05\/Mahler_Kubelik_EcoLP-100x100.jpg 100w\" sizes=\"auto, (max-width: 200px) 100vw, 200px\" \/><\/a>Ainsi, vers 16 ou 17 ans, apr\u00e8s avoir lav\u00e9 beaucoup de voitures et tondu de nombreux hectares de pelouse dans tour le voisinage, je parvenais \u00e0 m&rsquo;acheter l\u2019un des tout premiers coffrets en 33 tours : ce copieux volume bleu de 14 LP &#8211;<em>cliquer sur l\u2019imagette pour la voir en plus grand<\/em>&#8211; dont je vous ai d\u00e9j\u00e0 parl\u00e9 il y a quelques temps, lors de sa derni\u00e8re tr\u00e8s belle remast\u00e9risation en CD et Blu-Ray audio, et elle pass\u00e8rent tr\u00e8s souvent &#8211;<em>et \u00e0 tr\u00e8s haut volume sonore<\/em>&#8211; <a href=\"https:\/\/latelierdediablotin.fr\/WordPress3\/comment-tout-a-commence\/\" target=\"_blank\" rel=\"noopener\"><span style=\"text-decoration: underline;\"><strong>sur ma platine \u00e0 l&rsquo;\u00e9poque<\/strong><\/span><\/a>, au grand d\u00e9sespoir de mon p\u00e8re, qui a toujours consid\u00e9r\u00e9 Mahler comme un n\u00e9vros\u00e9 au plus parfait mauvais go\u00fbt.<br \/>\nMahler est un compositeur dont les symphonies supportent assez bien de nombreuses options d\u2019interpr\u00e9tation tr\u00e8s divergentes : personnellement, outre la versions sus-cit\u00e9e de Kubelik, j\u2019appr\u00e9cie beaucoup l\u2019option parfois d\u00e9jant\u00e9e, tortur\u00e9e et intellectualisante de Sinopoli &#8211;<em>mais je dois \u00eatre assez seul \u00e0 porter cette appr\u00e9ciation, cette int\u00e9grale \u00e9tant g\u00e9n\u00e9ralement assez controvers\u00e9e : parfois, j&rsquo;ai des go\u00fbts bizarres !<\/em> -. Puis, dans une moindre mesure, et toujours en termes d&rsquo;int\u00e9grale, j&rsquo;appr\u00e9cie aussi les derni\u00e8res versions assez d\u00e9cant\u00e9es d\u2019Abbado\/Berlin &amp; Lucerne &#8211;<em>un chef qui me laisse g\u00e9n\u00e9ralement assez indiff\u00e9rent<\/em>-, ainsi que celles de Bernard Haitink \u00e0 Amsterdam ou m\u00eame de Bernstein dans sa premi\u00e8re int\u00e9grale new-yorkaise tr\u00e8s bien r\u00e9\u00e9dit\u00e9e chez Sony.<\/p>\n<p><a href=\"https:\/\/latelierdediablotin.fr\/WordPress3\/wp-content\/uploads\/2024\/05\/Mahler_integrales052024.jpg\"><img loading=\"lazy\" decoding=\"async\" class=\"aligncenter size-full wp-image-12938\" src=\"https:\/\/latelierdediablotin.fr\/WordPress3\/wp-content\/uploads\/2024\/05\/Mahler_integrales052024.jpg\" alt=\"\" width=\"1000\" height=\"267\" srcset=\"https:\/\/latelierdediablotin.fr\/WordPress3\/wp-content\/uploads\/2024\/05\/Mahler_integrales052024.jpg 1000w, https:\/\/latelierdediablotin.fr\/WordPress3\/wp-content\/uploads\/2024\/05\/Mahler_integrales052024-300x80.jpg 300w, https:\/\/latelierdediablotin.fr\/WordPress3\/wp-content\/uploads\/2024\/05\/Mahler_integrales052024-768x205.jpg 768w\" sizes=\"auto, (max-width: 1000px) 100vw, 1000px\" \/><\/a><\/p>\n<p style=\"text-align: justify;\">Curieusement, et progressivement, je me suis d\u00e9tach\u00e9 de ces symphonies depuis plusieurs ann\u00e9es, et ne les \u00e9coute plus aussi r\u00e9guli\u00e8rement qu\u2019auparavant, un peu lass\u00e9 par ces \u00ab\u00a0grosses machines\u00a0\u00bb parfois bruyantes et monumentales. Je lui pr\u00e9f\u00e8re d\u00e9sormais nettement Sibelius, qui le rencontra en 1907 : les deux musiciens avaient une conception totalement oppos\u00e9e de ce que doit \u00eatre une symphonie :<br \/>\n<strong>\u2022<\/strong> <span style=\"font-size: 10pt;\"><strong><span style=\"color: #0000ff;\">\u00ab\u00a0La symphonie doit \u00eatre grande comme le monde entier, elle doit tout embrasser.\u00a0\u00bb<\/span><\/strong><\/span> &#8211; Mahler ;<br \/>\n<strong>\u2022<\/strong> <span style=\"color: #0000ff;\"><strong><span style=\"font-size: 10pt;\">\u00ab\u00a0Une symphonie se par caract\u00e9rise le d\u00e9pouillement, l&rsquo;asc\u00e8se, l&rsquo;expression rigoureuse de l&rsquo;essentiel, l&rsquo;art du non-dit et de l&rsquo;aphorisme..\u00a0\u00bb<\/span><\/strong><\/span> &#8211; Sibelius.<\/p>\n<p style=\"text-align: justify;\"><a href=\"https:\/\/latelierdediablotin.fr\/WordPress3\/wp-content\/uploads\/2024\/05\/Mahler_Zinman052024.jpg\"><img loading=\"lazy\" decoding=\"async\" class=\"alignleft wp-image-12936\" src=\"https:\/\/latelierdediablotin.fr\/WordPress3\/wp-content\/uploads\/2024\/05\/Mahler_Zinman052024-291x300.jpg\" alt=\"\" width=\"300\" height=\"309\" srcset=\"https:\/\/latelierdediablotin.fr\/WordPress3\/wp-content\/uploads\/2024\/05\/Mahler_Zinman052024-291x300.jpg 291w, https:\/\/latelierdediablotin.fr\/WordPress3\/wp-content\/uploads\/2024\/05\/Mahler_Zinman052024.jpg 700w\" sizes=\"auto, (max-width: 300px) 100vw, 300px\" \/><\/a>Cependant, j\u2019y suis revenu durant ce week-end gr\u00e2ce \u00e0 une excellente version trouv\u00e9e \u00e0 prix fracass\u00e9 chez un soldeur d\u2019Outre-Rhin : cette int\u00e9grale de 15 SACD, lisibles \u00e9galement sur une lecteur CD, \u00e0 la belle ligne \u00e9ditoriale &#8211;<em>illustrations attractives de chaque pochette cartonn\u00e9e, copieux et int\u00e9ressant livret en Anglais seulement, DVD en suppl\u00e9ment&#8230;<\/em>&#8211; est superbe .<br \/>\nL\u2019orchestre de Z\u00fcrich est d\u2019une grande beaut\u00e9, les interpr\u00e9tations de son chef am\u00e9ricain, David Zinman, qui en fut titulaire durant 20 ans, sont claires et lumineuses, tirant pleinement partie de la beaut\u00e9 des pupitres, les choeurs et chanteurs solistes sont tout-\u00e0-fait ad\u00e9quats et l\u2019ensemble procure une vision plut\u00f4t apais\u00e9e de ces symphonies, l\u00e0 o\u00f9 d\u2019autres interpr\u00e9tations privil\u00e9gient les cataclysmes violents. Les prises de son &#8211;<em>couche CD<\/em>&#8211; sont tr\u00e8s bonnes sans \u00eatre exceptionnelles, je n&rsquo;ai pas pu v\u00e9rifier encore la couche SACD.<\/p>\n<p style=\"text-align: center;\"><strong>Une excellente surprise !<\/strong><\/p>\n","protected":false},"excerpt":{"rendered":"<p>J\u2019ai d\u00e9couvert Gustav Mahler assez jeune, encore adolescent, et, tr\u00e8s vite, j\u2019ai \u00e9t\u00e9 passionn\u00e9 par les symphonies de ce compositeur, entamant mes d\u00e9couvertes par la premi\u00e8re puis la quatri\u00e8me symphonies &#8211;les plus faciles d\u2019acc\u00e8s \u00e0 mon avis&#8211; et \u00e9largissant ensuite progressivement mes explorations jusqu\u2019\u00e0 les conna\u00eetre et les appr\u00e9cier toutes, sauf la huiti\u00e8me dite \u00ab\u00a0Symphonie [&hellip;]<\/p>\n","protected":false},"author":667,"featured_media":0,"comment_status":"open","ping_status":"open","sticky":false,"template":"","format":"standard","meta":{"site-sidebar-layout":"default","site-content-layout":"","ast-site-content-layout":"default","site-content-style":"default","site-sidebar-style":"default","ast-global-header-display":"","ast-banner-title-visibility":"","ast-main-header-display":"","ast-hfb-above-header-display":"","ast-hfb-below-header-display":"","ast-hfb-mobile-header-display":"","site-post-title":"","ast-breadcrumbs-content":"","ast-featured-img":"","footer-sml-layout":"","ast-disable-related-posts":"","theme-transparent-header-meta":"","adv-header-id-meta":"","stick-header-meta":"","header-above-stick-meta":"","header-main-stick-meta":"","header-below-stick-meta":"","astra-migrate-meta-layouts":"default","ast-page-background-enabled":"default","ast-page-background-meta":{"desktop":{"background-color":"var(--ast-global-color-4)","background-image":"","background-repeat":"repeat","background-position":"center center","background-size":"auto","background-attachment":"scroll","background-type":"","background-media":"","overlay-type":"","overlay-color":"","overlay-opacity":"","overlay-gradient":""},"tablet":{"background-color":"","background-image":"","background-repeat":"repeat","background-position":"center center","background-size":"auto","background-attachment":"scroll","background-type":"","background-media":"","overlay-type":"","overlay-color":"","overlay-opacity":"","overlay-gradient":""},"mobile":{"background-color":"","background-image":"","background-repeat":"repeat","background-position":"center center","background-size":"auto","background-attachment":"scroll","background-type":"","background-media":"","overlay-type":"","overlay-color":"","overlay-opacity":"","overlay-gradient":""}},"ast-content-background-meta":{"desktop":{"background-color":"var(--ast-global-color-5)","background-image":"","background-repeat":"repeat","background-position":"center center","background-size":"auto","background-attachment":"scroll","background-type":"","background-media":"","overlay-type":"","overlay-color":"","overlay-opacity":"","overlay-gradient":""},"tablet":{"background-color":"var(--ast-global-color-5)","background-image":"","background-repeat":"repeat","background-position":"center center","background-size":"auto","background-attachment":"scroll","background-type":"","background-media":"","overlay-type":"","overlay-color":"","overlay-opacity":"","overlay-gradient":""},"mobile":{"background-color":"var(--ast-global-color-5)","background-image":"","background-repeat":"repeat","background-position":"center center","background-size":"auto","background-attachment":"scroll","background-type":"","background-media":"","overlay-type":"","overlay-color":"","overlay-opacity":"","overlay-gradient":""}},"footnotes":""},"categories":[208],"tags":[97,86,75,111],"class_list":["post-12934","post","type-post","status-publish","format-standard","hentry","category-un-jour-un-album","tag-chef-dorchestre","tag-discotheque","tag-mahler","tag-symphonies"],"_links":{"self":[{"href":"https:\/\/latelierdediablotin.fr\/WordPress3\/wp-json\/wp\/v2\/posts\/12934","targetHints":{"allow":["GET"]}}],"collection":[{"href":"https:\/\/latelierdediablotin.fr\/WordPress3\/wp-json\/wp\/v2\/posts"}],"about":[{"href":"https:\/\/latelierdediablotin.fr\/WordPress3\/wp-json\/wp\/v2\/types\/post"}],"author":[{"embeddable":true,"href":"https:\/\/latelierdediablotin.fr\/WordPress3\/wp-json\/wp\/v2\/users\/667"}],"replies":[{"embeddable":true,"href":"https:\/\/latelierdediablotin.fr\/WordPress3\/wp-json\/wp\/v2\/comments?post=12934"}],"version-history":[{"count":0,"href":"https:\/\/latelierdediablotin.fr\/WordPress3\/wp-json\/wp\/v2\/posts\/12934\/revisions"}],"wp:attachment":[{"href":"https:\/\/latelierdediablotin.fr\/WordPress3\/wp-json\/wp\/v2\/media?parent=12934"}],"wp:term":[{"taxonomy":"category","embeddable":true,"href":"https:\/\/latelierdediablotin.fr\/WordPress3\/wp-json\/wp\/v2\/categories?post=12934"},{"taxonomy":"post_tag","embeddable":true,"href":"https:\/\/latelierdediablotin.fr\/WordPress3\/wp-json\/wp\/v2\/tags?post=12934"}],"curies":[{"name":"wp","href":"https:\/\/api.w.org\/{rel}","templated":true}]}}