{"id":12951,"date":"2024-05-26T08:59:34","date_gmt":"2024-05-26T06:59:34","guid":{"rendered":"https:\/\/latelierdediablotin.fr\/WordPress3\/?p=12951"},"modified":"2024-09-29T10:00:18","modified_gmt":"2024-09-29T08:00:18","slug":"dimanche-matin-a-lopera-meurtre-dans-la-cathedrale","status":"publish","type":"post","link":"https:\/\/latelierdediablotin.fr\/WordPress3\/dimanche-matin-a-lopera-meurtre-dans-la-cathedrale\/","title":{"rendered":"Dimanche matin \u00e0 l\u2019op\u00e9ra &#8211; Meurtre dans la cath\u00e9drale"},"content":{"rendered":"<p style=\"text-align: justify;\"><a href=\"https:\/\/latelierdediablotin.fr\/WordPress3\/wp-content\/uploads\/2024\/05\/Pizzetti_Karajan.jpg\"><img loading=\"lazy\" decoding=\"async\" class=\"wp-image-12952 alignleft\" src=\"https:\/\/latelierdediablotin.fr\/WordPress3\/wp-content\/uploads\/2024\/05\/Pizzetti_Karajan.jpg\" alt=\"\" width=\"300\" height=\"259\" srcset=\"https:\/\/latelierdediablotin.fr\/WordPress3\/wp-content\/uploads\/2024\/05\/Pizzetti_Karajan.jpg 624w, https:\/\/latelierdediablotin.fr\/WordPress3\/wp-content\/uploads\/2024\/05\/Pizzetti_Karajan-300x259.jpg 300w\" sizes=\"auto, (max-width: 300px) 100vw, 300px\" \/><\/a>L\u2019op\u00e9ra de ce dimanche matin est une raret\u00e9 \u00e0 deux titres : d\u2019une part, \u00ab\u00a0Assassinio nella cattedrale\u00a0\u00bb d\u2019<a href=\"https:\/\/fr.wikipedia.org\/wiki\/Ildebrando_Pizzetti\" target=\"_blank\" rel=\"noopener\"><span style=\"text-decoration: underline;\"><strong>Ildebrando Pizzetti<\/strong><\/span><\/a> &#8211;<em>1880-1968<\/em>-n\u2019est pas un op\u00e9ra fr\u00e9quemment jou\u00e9, ni m\u00eame fr\u00e9quemment enregistr\u00e9 ; d\u2019autre part, la version du jour en est une version en Allemand, enregistr\u00e9e en 1960 lors de la cr\u00e9ation viennoise de l\u2019oeuvre.<br \/>\n<a href=\"https:\/\/latelierdediablotin.fr\/WordPress3\/wp-content\/uploads\/2024\/05\/TSEliot_Murder.jpg\"><img loading=\"lazy\" decoding=\"async\" class=\"alignright wp-image-12953\" src=\"https:\/\/latelierdediablotin.fr\/WordPress3\/wp-content\/uploads\/2024\/05\/TSEliot_Murder-203x300.jpg\" alt=\"\" width=\"200\" height=\"296\" srcset=\"https:\/\/latelierdediablotin.fr\/WordPress3\/wp-content\/uploads\/2024\/05\/TSEliot_Murder-203x300.jpg 203w, https:\/\/latelierdediablotin.fr\/WordPress3\/wp-content\/uploads\/2024\/05\/TSEliot_Murder-693x1024.jpg 693w, https:\/\/latelierdediablotin.fr\/WordPress3\/wp-content\/uploads\/2024\/05\/TSEliot_Murder-768x1135.jpg 768w, https:\/\/latelierdediablotin.fr\/WordPress3\/wp-content\/uploads\/2024\/05\/TSEliot_Murder.jpg 1000w\" sizes=\"auto, (max-width: 200px) 100vw, 200px\" \/><\/a>A l\u2019origine, l\u2019op\u00e9ra est en langue italienne, son livret est fond\u00e9 sur la traduction de la pi\u00e8ce de th\u00e9\u00e2tre de <a href=\"https:\/\/fr.wikipedia.org\/wiki\/T._S._Eliot\" target=\"_blank\" rel=\"noopener\"><span style=\"text-decoration: underline;\"><strong>Thomas Stearns Eliot<\/strong><\/span><\/a> &#8211;<em>po\u00e8te, dramaturge et bigot de la High Church anglaise, am\u00e9ricain naturalis\u00e9 anglais et prix Nobel de litt\u00e9rature en 1948<\/em>&#8211; \u00e9crite en 1935. La traduction allemande est \u00e9galement tir\u00e9e de la pi\u00e8ce de T.S. Eliot et non pas de la version italienne.<br \/>\nL\u2019op\u00e9ra, en deux actes, explore les th\u00e8mes de la foi, du pouvoir et du martyr, en retra\u00e7ant le meurtre de Thomas Becket dans la <a href=\"https:\/\/fr.wikipedia.org\/wiki\/Cath\u00e9drale_de_Canterbury\" target=\"_blank\" rel=\"noopener\"><span style=\"text-decoration: underline;\"><strong>cath\u00e9drale de Canterbury<\/strong><\/span><\/a> en 1170. &#8211;<em>Cliquer sur l&rsquo;image pour la voir en plus grand<\/em>-.<\/p>\n<p style=\"text-align: justify;\">Le meurtre de <a href=\"https:\/\/fr.wikipedia.org\/wiki\/Thomas_Becket\" target=\"_blank\" rel=\"noopener\"><span style=\"text-decoration: underline;\"><strong>Thomas Becket<\/strong><\/span><\/a>, archev\u00eaque de Canterbury, en 1170, r\u00e9sulte d&rsquo;une s\u00e9rie de conflits complexes entre l&rsquo;\u00c9glise et le Royaume d&rsquo;Angleterre, centr\u00e9s principalement sur la lutte de pouvoir entre Becket et le roi <a href=\"https:\/\/fr.wikipedia.org\/wiki\/Henri_II_(roi_d%27Angleterre)\" target=\"_blank\" rel=\"noopener\"><span style=\"text-decoration: underline;\"><strong>Henri II de Plantagen\u00eat<\/strong><\/span><\/a>, qui voulait renforcer son autorit\u00e9 sur l&rsquo;\u00c9glise en Angleterre, tandis que Becket d\u00e9fendait les privil\u00e8ges eccl\u00e9siastiques. En 1164, Henri II \u00e9mit les propositions de proc\u00e9dures juridiques contenues dans les constitutions de Clarendon, pour limiter les pouvoirs de l&rsquo;\u00c9glise et soumettre le clerg\u00e9 \u00e0 la justice royale, mais Becket, soutenu par le pape Alexandre III, refusa de les accepter.<br \/>\nThomas Becket, ancien chancelier du roi et initialement proche alli\u00e9, devint un fervent d\u00e9fenseur des droits de l&rsquo;\u00c9glise apr\u00e8s sa nomination comme archev\u00eaque de la cath\u00e9drale de Canterbury, ce qui irrita le roi. Il excommunia plusieurs partisans du roi, provoquant son exil en France pendant six ans, ce qui intensifia les tensions.<br \/>\nEn 1170, Becket retourna en Angleterre, mais reprit rapidement des actions contre les partisans du roi, exacerbant de nouveau les tensions. Exasp\u00e9r\u00e9, Henri II aurait prononc\u00e9 des paroles interpr\u00e9t\u00e9es comme un ordre de tuer Becket, exprimant son d\u00e9sir de se d\u00e9barrasser de lui. Selon la tradition, il aurait demand\u00e9 : <span style=\"font-size: 10pt; color: #0000ff;\"><strong>\u00ab N&rsquo;y aura-t-il personne pour me d\u00e9barrasser de ce pr\u00eatre turbulent ? \u00bb<\/strong><\/span>. Le 29 d\u00e9cembre 1170, quatre chevaliers, croyant servir les int\u00e9r\u00eats du roi, assassin\u00e8rent Becket dans la cath\u00e9drale de Canterbury.<\/p>\n<p><a href=\"https:\/\/latelierdediablotin.fr\/WordPress3\/wp-content\/uploads\/2024\/05\/Meurtre_Becket_illustration.jpg\"><img loading=\"lazy\" decoding=\"async\" class=\"aligncenter size-full wp-image-12958\" src=\"https:\/\/latelierdediablotin.fr\/WordPress3\/wp-content\/uploads\/2024\/05\/Meurtre_Becket_illustration.jpg\" alt=\"\" width=\"750\" height=\"482\" srcset=\"https:\/\/latelierdediablotin.fr\/WordPress3\/wp-content\/uploads\/2024\/05\/Meurtre_Becket_illustration.jpg 750w, https:\/\/latelierdediablotin.fr\/WordPress3\/wp-content\/uploads\/2024\/05\/Meurtre_Becket_illustration-300x193.jpg 300w\" sizes=\"auto, (max-width: 750px) 100vw, 750px\" \/><\/a><\/p>\n<p style=\"text-align: justify;\">\nLe meurtre provoqua un scandale dans toute l&rsquo;Europe chr\u00e9tienne. Becket fut canonis\u00e9 en 1173, et Henri II dut faire p\u00e9nitence publique en 1174. Paradoxalement, cet assassinat renfor\u00e7a l&rsquo;influence de l&rsquo;\u00c9glise en Angleterre, augmentant son pouvoir face \u00e0 la couronne. Il marque une p\u00e9riode cl\u00e9 de l&rsquo;histoire m\u00e9di\u00e9vale anglaise.<\/p>\n<p style=\"text-align: justify;\"><a href=\"https:\/\/latelierdediablotin.fr\/WordPress3\/wp-content\/uploads\/2024\/05\/Cathedrale_Canterbury.jpg\"><img loading=\"lazy\" decoding=\"async\" class=\"alignright size-medium wp-image-12963\" src=\"https:\/\/latelierdediablotin.fr\/WordPress3\/wp-content\/uploads\/2024\/05\/Cathedrale_Canterbury-300x269.jpg\" alt=\"\" width=\"300\" height=\"269\" srcset=\"https:\/\/latelierdediablotin.fr\/WordPress3\/wp-content\/uploads\/2024\/05\/Cathedrale_Canterbury-300x269.jpg 300w, https:\/\/latelierdediablotin.fr\/WordPress3\/wp-content\/uploads\/2024\/05\/Cathedrale_Canterbury.jpg 450w\" sizes=\"auto, (max-width: 300px) 100vw, 300px\" \/><\/a>Le r\u00e9sum\u00e9 de l\u2019op\u00e9ra est assez vite r\u00e9alis\u00e9, l\u2019oeuvre durant moins de deux heures et se d\u00e9roule int\u00e9gralement devant ou \u00e0 l&rsquo;int\u00e9rieur de la cath\u00e9drale de Canterbury.<br \/>\n<strong>\u2022<\/strong> L\u2019acte 1 expose le retour de l\u2019archev\u00eaque Thomas Becket \u00e0 Canterbury apr\u00e8s son exil de sept ans en France et son opposition au roi d\u2019Angleterre Henri II. L&rsquo;archev\u00eaque est confront\u00e9 \u00e0 diverses tentations, les quatre tentateurs symbolisant le pouvoir s\u00e9culier, les richesses mat\u00e9rielles et les compromis politiques, mais il demeure ferme dans sa foi et ses missions spirituelle.<br \/>\n<strong>\u2022<\/strong> Le second acte d\u00e9peint la tension croissante entre Thomas Becket et quatre chevaliers Anglo-Normands fid\u00e8les au roi Henri II. Malgr\u00e9 les avertissements et les menaces, l\u2019archev\u00eaque refuse de se soumettre \u00e0 l\u2019autorit\u00e9 royale. Les chevaliers finissent par l\u2019assassiner dans la cath\u00e9drale, faisant de lui un martyr.<br \/>\nLa musique se caract\u00e9rise par une belle intensit\u00e9 dramatique et l\u2019utilisation ponctuelle d\u2019\u00e9l\u00e9ments liturgiques, combinant des harmonies modernes et des m\u00e9lodies rappelant parfois le chant gr\u00e9gorien : l\u2019ensemble cr\u00e9e une atmosph\u00e8re assez intimiste et mystique. Les ch\u0153urs jouent un r\u00f4le essentiel, commentant l\u2019action \u00e0 la mani\u00e8re des choeurs de la Gr\u00e8ce antique ; quant \u00e0 l\u2019orchestre, il est surtout utilis\u00e9 pour accentuer les moments de tension dramatique et souligner les \u00e9motions des personnages.<\/p>\n<p style=\"text-align: justify;\"><a href=\"https:\/\/latelierdediablotin.fr\/WordPress3\/wp-content\/uploads\/2024\/05\/Hotter_Becket.jpg\"><img loading=\"lazy\" decoding=\"async\" class=\"alignleft size-medium wp-image-12957\" src=\"https:\/\/latelierdediablotin.fr\/WordPress3\/wp-content\/uploads\/2024\/05\/Hotter_Becket-230x300.jpg\" alt=\"\" width=\"230\" height=\"300\" srcset=\"https:\/\/latelierdediablotin.fr\/WordPress3\/wp-content\/uploads\/2024\/05\/Hotter_Becket-230x300.jpg 230w, https:\/\/latelierdediablotin.fr\/WordPress3\/wp-content\/uploads\/2024\/05\/Hotter_Becket.jpg 250w\" sizes=\"auto, (max-width: 230px) 100vw, 230px\" \/><\/a>La version du jour &#8211;<em>t\u00e9moignage d&rsquo;une qualit\u00e9 sonore pr\u00e9caire, les bandes radio ayant \u00e9t\u00e9 perdues<\/em>&#8211; met en vedette absolue Hans Hotter, qui \u00e9crase de tout son prestige le plateau vocal de qualit\u00e9 r\u00e9uni pour l\u2019occasion &#8211;<em>ce sont les m\u00eames chanteurs qui incarnent successivement les r\u00f4les des quatre tentateurs puis des quatre chevaliers<\/em>&#8211; et campe un Thomas Becket d\u2019une profonde humanit\u00e9 et d\u2019une grandeur extraordinaire. Karajan, directeur artistique de l&rsquo;op\u00e9ra de Vienne de 1957 \u00e0 1964, au sommet de sa gloire et au fa\u00eete de sa p\u00e9riode \u00ab\u00a0Europas Generalmusikdirekor\u00a0\u00bb, dirige l\u2019oeuvre en privil\u00e9giant son caract\u00e8re intimiste et de subtils alliages de timbres &#8211;<em>cf.extrait ci-dessous-<\/em>.<\/p>\n<p style=\"text-align: justify;\"><a href=\"https:\/\/latelierdediablotin.fr\/WordPress3\/wp-content\/uploads\/2024\/05\/Pizzetii_Choeurs.jpg\"><img loading=\"lazy\" decoding=\"async\" class=\"aligncenter size-full wp-image-12959\" src=\"https:\/\/latelierdediablotin.fr\/WordPress3\/wp-content\/uploads\/2024\/05\/Pizzetii_Choeurs.jpg\" alt=\"\" width=\"750\" height=\"460\" srcset=\"https:\/\/latelierdediablotin.fr\/WordPress3\/wp-content\/uploads\/2024\/05\/Pizzetii_Choeurs.jpg 750w, https:\/\/latelierdediablotin.fr\/WordPress3\/wp-content\/uploads\/2024\/05\/Pizzetii_Choeurs-300x184.jpg 300w\" sizes=\"auto, (max-width: 750px) 100vw, 750px\" \/><\/a><\/p>\n<audio class=\"wp-audio-shortcode\" id=\"audio-12951-1\" preload=\"none\" style=\"width: 100%;\" controls=\"controls\"><source type=\"audio\/mpeg\" src=\"https:\/\/latelierdediablotin.fr\/WordPress3\/wp-content\/uploads\/2024\/05\/Extrait26052024.mp3?_=1\" \/><a href=\"https:\/\/latelierdediablotin.fr\/WordPress3\/wp-content\/uploads\/2024\/05\/Extrait26052024.mp3\">https:\/\/latelierdediablotin.fr\/WordPress3\/wp-content\/uploads\/2024\/05\/Extrait26052024.mp3<\/a><\/audio>\n<p style=\"text-align: justify;\">\nOutre cette superbe version, publi\u00e9e \u00e0 l&rsquo;occasion des dix ans de la disparition du chef et indisponible depuis des lustres, il existe une belle version, chant\u00e9e en italien, en DVD, que vous pouvez <a href=\"https:\/\/www.youtube.com\/watch?v=d7_Wk0mvyNE\"><span style=\"text-decoration: underline;\"><strong>regarder en ligne ici<\/strong><\/span><\/a>. Du fait d&rsquo;une prise de son tr\u00e8s r\u00e9verb\u00e9r\u00e9e et de l&rsquo;absence de fosse pour l&rsquo;orchestre, elle est cependant moins intimiste que la version \u00e9cout\u00e9e ce jour.<\/p>\n","protected":false},"excerpt":{"rendered":"<p>L\u2019op\u00e9ra de ce dimanche matin est une raret\u00e9 \u00e0 deux titres : d\u2019une part, \u00ab\u00a0Assassinio nella cattedrale\u00a0\u00bb d\u2019Ildebrando Pizzetti &#8211;1880-1968-n\u2019est pas un op\u00e9ra fr\u00e9quemment jou\u00e9, ni m\u00eame fr\u00e9quemment enregistr\u00e9 ; d\u2019autre part, la version du jour en est une version en Allemand, enregistr\u00e9e en 1960 lors de la cr\u00e9ation viennoise de l\u2019oeuvre. A l\u2019origine, l\u2019op\u00e9ra [&hellip;]<\/p>\n","protected":false},"author":667,"featured_media":0,"comment_status":"open","ping_status":"open","sticky":false,"template":"","format":"standard","meta":{"site-sidebar-layout":"default","site-content-layout":"","ast-site-content-layout":"default","site-content-style":"default","site-sidebar-style":"default","ast-global-header-display":"","ast-banner-title-visibility":"","ast-main-header-display":"","ast-hfb-above-header-display":"","ast-hfb-below-header-display":"","ast-hfb-mobile-header-display":"","site-post-title":"","ast-breadcrumbs-content":"","ast-featured-img":"","footer-sml-layout":"","ast-disable-related-posts":"","theme-transparent-header-meta":"","adv-header-id-meta":"","stick-header-meta":"","header-above-stick-meta":"","header-main-stick-meta":"","header-below-stick-meta":"","astra-migrate-meta-layouts":"default","ast-page-background-enabled":"default","ast-page-background-meta":{"desktop":{"background-color":"var(--ast-global-color-4)","background-image":"","background-repeat":"repeat","background-position":"center center","background-size":"auto","background-attachment":"scroll","background-type":"","background-media":"","overlay-type":"","overlay-color":"","overlay-opacity":"","overlay-gradient":""},"tablet":{"background-color":"","background-image":"","background-repeat":"repeat","background-position":"center center","background-size":"auto","background-attachment":"scroll","background-type":"","background-media":"","overlay-type":"","overlay-color":"","overlay-opacity":"","overlay-gradient":""},"mobile":{"background-color":"","background-image":"","background-repeat":"repeat","background-position":"center center","background-size":"auto","background-attachment":"scroll","background-type":"","background-media":"","overlay-type":"","overlay-color":"","overlay-opacity":"","overlay-gradient":""}},"ast-content-background-meta":{"desktop":{"background-color":"var(--ast-global-color-5)","background-image":"","background-repeat":"repeat","background-position":"center center","background-size":"auto","background-attachment":"scroll","background-type":"","background-media":"","overlay-type":"","overlay-color":"","overlay-opacity":"","overlay-gradient":""},"tablet":{"background-color":"var(--ast-global-color-5)","background-image":"","background-repeat":"repeat","background-position":"center center","background-size":"auto","background-attachment":"scroll","background-type":"","background-media":"","overlay-type":"","overlay-color":"","overlay-opacity":"","overlay-gradient":""},"mobile":{"background-color":"var(--ast-global-color-5)","background-image":"","background-repeat":"repeat","background-position":"center center","background-size":"auto","background-attachment":"scroll","background-type":"","background-media":"","overlay-type":"","overlay-color":"","overlay-opacity":"","overlay-gradient":""}},"footnotes":""},"categories":[295,4],"tags":[56,67],"class_list":["post-12951","post","type-post","status-publish","format-standard","hentry","category-dimanche-a-lopera","category-musique","tag-karajan","tag-opera"],"_links":{"self":[{"href":"https:\/\/latelierdediablotin.fr\/WordPress3\/wp-json\/wp\/v2\/posts\/12951","targetHints":{"allow":["GET"]}}],"collection":[{"href":"https:\/\/latelierdediablotin.fr\/WordPress3\/wp-json\/wp\/v2\/posts"}],"about":[{"href":"https:\/\/latelierdediablotin.fr\/WordPress3\/wp-json\/wp\/v2\/types\/post"}],"author":[{"embeddable":true,"href":"https:\/\/latelierdediablotin.fr\/WordPress3\/wp-json\/wp\/v2\/users\/667"}],"replies":[{"embeddable":true,"href":"https:\/\/latelierdediablotin.fr\/WordPress3\/wp-json\/wp\/v2\/comments?post=12951"}],"version-history":[{"count":0,"href":"https:\/\/latelierdediablotin.fr\/WordPress3\/wp-json\/wp\/v2\/posts\/12951\/revisions"}],"wp:attachment":[{"href":"https:\/\/latelierdediablotin.fr\/WordPress3\/wp-json\/wp\/v2\/media?parent=12951"}],"wp:term":[{"taxonomy":"category","embeddable":true,"href":"https:\/\/latelierdediablotin.fr\/WordPress3\/wp-json\/wp\/v2\/categories?post=12951"},{"taxonomy":"post_tag","embeddable":true,"href":"https:\/\/latelierdediablotin.fr\/WordPress3\/wp-json\/wp\/v2\/tags?post=12951"}],"curies":[{"name":"wp","href":"https:\/\/api.w.org\/{rel}","templated":true}]}}