{"id":13229,"date":"2024-09-01T10:08:56","date_gmt":"2024-09-01T08:08:56","guid":{"rendered":"https:\/\/latelierdediablotin.fr\/WordPress3\/?p=13229"},"modified":"2024-09-29T09:57:52","modified_gmt":"2024-09-29T07:57:52","slug":"dimanche-a-lopera-debussy-pelleas-et-melisande","status":"publish","type":"post","link":"https:\/\/latelierdediablotin.fr\/WordPress3\/dimanche-a-lopera-debussy-pelleas-et-melisande\/","title":{"rendered":"Dimanche \u00e0 l&rsquo;op\u00e9ra &#8211; Debussy, Pell\u00e9as et M\u00e9lisande"},"content":{"rendered":"<p style=\"text-align: justify;\">Le retour de la rentr\u00e9e et de ses incontournables marronniers marque \u00e9galement l&rsquo;ouverture de la saison \u00e0 l&rsquo;op\u00e9ra. A l&rsquo;Op\u00e9ra National du Rhin, traditionnellement, la premi\u00e8re oeuvre propos\u00e9e est un op\u00e9ra contemporain pr\u00e9sent\u00e9 dans le cadre du festival Musica. J&rsquo;y suis all\u00e9 \u00e0 quelques occasions, les productions sont g\u00e9n\u00e9ralement de qualit\u00e9 mais les oeuvres elles-m\u00eames sont tr\u00e8s in\u00e9gales.<br \/>\n<a href=\"https:\/\/latelierdediablotin.fr\/WordPress3\/wp-content\/uploads\/2024\/09\/51p2mdYx2EL.jpg\"><img loading=\"lazy\" decoding=\"async\" class=\"alignleft wp-image-13230 size-medium\" src=\"https:\/\/latelierdediablotin.fr\/WordPress3\/wp-content\/uploads\/2024\/09\/51p2mdYx2EL-300x265.jpg\" alt=\"\" width=\"300\" height=\"265\" srcset=\"https:\/\/latelierdediablotin.fr\/WordPress3\/wp-content\/uploads\/2024\/09\/51p2mdYx2EL-300x265.jpg 300w, https:\/\/latelierdediablotin.fr\/WordPress3\/wp-content\/uploads\/2024\/09\/51p2mdYx2EL.jpg 600w\" sizes=\"auto, (max-width: 300px) 100vw, 300px\" \/><\/a>Pour mon retour \u00e0 l&rsquo;op\u00e9ra, en ce dimanche tout-\u00e0-fait estival, j&rsquo;ai donc d\u00e9pos\u00e9 sur ma platine une oeuvre que j&rsquo;\u00e9coute rarement, \u00ab\u00a0<strong>Pell\u00e9as et M\u00e9lisande<\/strong>\u00ab\u00a0, de <strong>Claude Debussy<\/strong>, dans la version d&rsquo;Herbert Von Karajan, qu&rsquo;il enregistra pour EMI en 1978. &#8211;<em>Cliquer sur l&rsquo;image pour la voir en plus grand<\/em>-.<\/p>\n<p style=\"text-align: justify;\"><span style=\"text-decoration: underline;\"><strong>\u2022 Argument.<\/strong><\/span><br \/>\nL&rsquo;op\u00e9ra se passe \u00e0 une date ind\u00e9termin\u00e9e, au royaume d&rsquo;Allemonde, et l&rsquo;on ne sait rien du pass\u00e9 des protagonistes de de leur futur, si ce n&rsquo;est la mort pour les deux r\u00f4les-titres. L&rsquo;oeuvre est divis\u00e9e en cinq actes, d&rsquo;une dur\u00e9e totale de trois heures environ. Pell\u00e9as est le plus jeune fils du roi d&rsquo;Allemande, Golaud est son demi-fr\u00e8re plus \u00e2g\u00e9 et M\u00e9lisande une jeune femme myst\u00e9rieuse sans autre forme de d\u00e9tail.<br \/>\n<strong>Acte I :<\/strong> Golaud rencontre M\u00e9lisande dans une for\u00eat. Elle devient son \u00e9pouse malgr\u00e9 son myst\u00e8re. Leur relation est marqu\u00e9e par l&rsquo;inqui\u00e9tude et l&rsquo;incompr\u00e9hension.<br \/>\n<strong>Acte II :<\/strong> Pell\u00e9as et M\u00e9lisande se rapprochent. Leurs rencontres innocentes cachent une passion naissante.<br \/>\n<strong>Acte III :<\/strong> Leur amour devient plus explicite. La sc\u00e8ne du puits o\u00f9 M\u00e9lisande laisse tomber son anneau est un moment cl\u00e9, symbolisant la perte de contr\u00f4le et l&rsquo;in\u00e9vitabilit\u00e9 du destin.<br \/>\n<strong>Acte IV :<\/strong> La tension atteint son apog\u00e9e. Golaud d\u00e9couvre la relation entre Pell\u00e9as et M\u00e9lisande. La sc\u00e8ne finale de cet acte voit Golaud tuer Pell\u00e9as dans un acc\u00e8s de jalousie.<br \/>\n<strong>Acte V :<\/strong> M\u00e9lisande, bless\u00e9e et mourante, accouche d&rsquo;une fille. Golaud, rong\u00e9 par la culpabilit\u00e9, tente de comprendre ses sentiments et la v\u00e9rit\u00e9 sur la relation de M\u00e9lisande avec Pell\u00e9as, mais il est trop tard.<\/p>\n<p><a href=\"https:\/\/latelierdediablotin.fr\/WordPress3\/wp-content\/uploads\/2024\/09\/Pelleas_Melisande_082024.jpg\"><img loading=\"lazy\" decoding=\"async\" class=\"aligncenter size-full wp-image-13233\" src=\"https:\/\/latelierdediablotin.fr\/WordPress3\/wp-content\/uploads\/2024\/09\/Pelleas_Melisande_082024.jpg\" alt=\"\" width=\"1000\" height=\"500\" srcset=\"https:\/\/latelierdediablotin.fr\/WordPress3\/wp-content\/uploads\/2024\/09\/Pelleas_Melisande_082024.jpg 1000w, https:\/\/latelierdediablotin.fr\/WordPress3\/wp-content\/uploads\/2024\/09\/Pelleas_Melisande_082024-300x150.jpg 300w, https:\/\/latelierdediablotin.fr\/WordPress3\/wp-content\/uploads\/2024\/09\/Pelleas_Melisande_082024-768x384.jpg 768w\" sizes=\"auto, (max-width: 1000px) 100vw, 1000px\" \/><\/a><\/p>\n<p style=\"text-align: justify;\">Le livret est tir\u00e9 d&rsquo;une pi\u00e8ce de <a href=\"https:\/\/francearchives.gouv.fr\/fr\/pages_histoire\/39641\" target=\"_blank\" rel=\"noopener\"><span style=\"text-decoration: underline;\"><strong>Maurice Maeterlinck<\/strong><\/span><\/a> <em>-dramaturge belge symboliste<\/em>&#8211; publi\u00e9e en 1892, qui s&rsquo;inscrit dans la m\u00eame ambiance myst\u00e9rieuse et onirique que l&rsquo;op\u00e9ra de Debussy et expose ce triangle amoureux entre Golaud, Pell\u00e9as et M\u00e9lisande &#8211;<em>amour impossible et jalousie, destin, fatalit\u00e9 et incommunicabilit\u00e9<\/em>-, \u00e0 travers des dialogues minimalistes.<br \/>\n<a href=\"https:\/\/latelierdediablotin.fr\/WordPress3\/wp-content\/uploads\/2024\/09\/maurice-maeterlinck.jpeg\"><img loading=\"lazy\" decoding=\"async\" class=\"alignleft wp-image-13235\" src=\"https:\/\/latelierdediablotin.fr\/WordPress3\/wp-content\/uploads\/2024\/09\/maurice-maeterlinck.jpeg\" alt=\"\" width=\"150\" height=\"200\" srcset=\"https:\/\/latelierdediablotin.fr\/WordPress3\/wp-content\/uploads\/2024\/09\/maurice-maeterlinck.jpeg 300w, https:\/\/latelierdediablotin.fr\/WordPress3\/wp-content\/uploads\/2024\/09\/maurice-maeterlinck-225x300.jpeg 225w\" sizes=\"auto, (max-width: 150px) 100vw, 150px\" \/><\/a>Cr\u00e9\u00e9 en 1902 \u00e0 l&rsquo;Op\u00e9ra-Comique de Paris, l&rsquo;op\u00e9ra de Debussy marque une rupture significative avec les conventions de l&rsquo;op\u00e9ra romantique, inaugurant une nouvelle \u00e8re de musique impressionniste. L&rsquo;\u0153uvre est c\u00e9l\u00e8bre pour son atmosph\u00e8re myst\u00e9rieuse, ses harmonies innovantes, et son exploration des th\u00e8mes de l&rsquo;amour, de la fatalit\u00e9, et de l&rsquo;incommunicabilit\u00e9. Debussy, fascin\u00e9 par l&rsquo;esth\u00e9tique symboliste et d\u00e9sireux de s&rsquo;\u00e9loigner des formes op\u00e9ratiques traditionnelles -et notamment Richard Wagner-, d\u00e9cide d&rsquo;adapter la pi\u00e8ce en un op\u00e9ra. Son approche musicale cherche \u00e0 capturer l&rsquo;essence de l&rsquo;\u0153uvre de Maeterlinck, avec une musique qui se m\u00eale intimement au texte, cr\u00e9ant une atmosph\u00e8re ambigu\u00eb et suggestive.<\/p>\n<p style=\"text-align: justify;\"><span style=\"text-decoration: underline;\"><strong>Innovations et symbolisme<\/strong><\/span><br \/>\nDebussy rompt avec les conventions de l&rsquo;op\u00e9ra traditionnel, pr\u00e9f\u00e9rant une structure fluide qui se rapproche davantage du drame musical. Contrairement aux op\u00e9ras classiques, \u00ab\u00a0Pell\u00e9as et M\u00e9lisande\u00a0\u00bb n&rsquo;a pas de s\u00e9paration nette entre r\u00e9citatifs et airs. Les dialogues sont chant\u00e9s de mani\u00e8re continue, avec une prosodie naturelle qui suit les inflexions de la langue fran\u00e7aise. Cela contribue \u00e0 la fluidit\u00e9 du drame, o\u00f9 la musique et le texte se fondent en une seule unit\u00e9 expressive. La partition est construite sur des harmonies non r\u00e9solues et une orchestration subtile qui met l&rsquo;accent sur les couleurs et les textures sonores plut\u00f4t que sur des m\u00e9lodies lin\u00e9aires et des cadences traditionnelles. L&rsquo;harmonie non habituelle et les accords non r\u00e9solus, qui contribuent \u00e0 l&rsquo;atmosph\u00e8re flottante et insaisissable de l&rsquo;op\u00e9ra. L&rsquo;orchestration de Debussy est raffin\u00e9e, utilisant souvent des instruments de mani\u00e8re in\u00e9dite pour cr\u00e9er des effets de timbre et de couleur. Par exemple, les cordes jouent fr\u00e9quemment en sourdine, et les bois sont utilis\u00e9s pour cr\u00e9er des sonorit\u00e9s \u00e9th\u00e9r\u00e9es.<br \/>\n\u00ab\u00a0Pell\u00e9as et M\u00e9lisande\u00a0\u00bb est un op\u00e9ra o\u00f9 le symbolisme r\u00e8gne en ma\u00eetre. Chaque \u00e9l\u00e9ment, qu&rsquo;il s&rsquo;agisse des personnages, des objets ou des lieux, est charg\u00e9 de significations multiples. <span style=\"text-decoration: underline;\">L&rsquo;eau<\/span> est omnipr\u00e9sente dans l&rsquo;op\u00e9ra, symbolisant \u00e0 la fois la vie, la puret\u00e9, le myst\u00e8re, et la mort. M\u00e9lisande est associ\u00e9e \u00e0 l&rsquo;eau d\u00e8s le d\u00e9but, lorsqu&rsquo;elle est d\u00e9couverte pr\u00e8s d&rsquo;une fontaine, et la mer joue un r\u00f4le important dans le destin des personnages.<br \/>\nLe contraste entre la <span style=\"text-decoration: underline;\">lumi\u00e8re<\/span> et <span style=\"text-decoration: underline;\">l&rsquo;obscurit\u00e9<\/span> est un autre motif r\u00e9current, symbolisant la dualit\u00e9 de la v\u00e9rit\u00e9 et du mensonge, de l&rsquo;amour et de la haine, de la vie et de la mort. La c\u00e9cit\u00e9 du roi Arkel est un symbole de l&rsquo;incapacit\u00e9 \u00e0 voir ou comprendre la v\u00e9rit\u00e9.<br \/>\nL&rsquo;un des symboles les plus marquants est celui <span style=\"text-decoration: underline;\">des longs cheveux de M\u00e9lisande<\/span>, qui sont \u00e0 la fois un objet de d\u00e9sir et un instrument de trag\u00e9die. Lors de la sc\u00e8ne embl\u00e9matique o\u00f9 M\u00e9lisande laisse ses cheveux pendre par la fen\u00eatre, ceux-ci deviennent une m\u00e9taphore de l&rsquo;enchev\u00eatrement des destins des personnages.<\/p>\n<p style=\"text-align: justify;\"><a href=\"https:\/\/latelierdediablotin.fr\/WordPress3\/wp-content\/uploads\/2024\/09\/MGarden_Melisande.jpg\"><img loading=\"lazy\" decoding=\"async\" class=\"alignright wp-image-13231\" src=\"https:\/\/latelierdediablotin.fr\/WordPress3\/wp-content\/uploads\/2024\/09\/MGarden_Melisande.jpg\" alt=\"\" width=\"300\" height=\"446\" srcset=\"https:\/\/latelierdediablotin.fr\/WordPress3\/wp-content\/uploads\/2024\/09\/MGarden_Melisande.jpg 414w, https:\/\/latelierdediablotin.fr\/WordPress3\/wp-content\/uploads\/2024\/09\/MGarden_Melisande-202x300.jpg 202w\" sizes=\"auto, (max-width: 300px) 100vw, 300px\" \/><\/a>\u00c0 sa cr\u00e9ation, \u00ab\u00a0Pell\u00e9as et M\u00e9lisande\u00a0\u00bb divise le public et la critique. L&rsquo;op\u00e9ra, lors de sa repr\u00e9sentation g\u00e9n\u00e9rale, \u00a0est victime d&rsquo;un \u00ab\u00a0chahut\u00a0\u00bb organis\u00e9 par Maeterlink lui-m\u00eame, qui souhaitait que sa ma\u00eetresse, Georgette Leblanc, la soeur de Maurice, interpr\u00e8te le r\u00f4le de M\u00e9lisande, finalement attribu\u00e9 \u00e0 Mary Garden &#8211;<em>cliquer sur l&rsquo;image de droite pour la voir en plus grand<\/em>-. Certains sont d\u00e9concert\u00e9s par l&rsquo;absence de grandes arias et la nature insaisissable de l&rsquo;\u0153uvre, tandis que d&rsquo;autres louent l&rsquo;innovation et la beaut\u00e9 de la musique. Avec le temps, \u00ab\u00a0Pell\u00e9as et M\u00e9lisande\u00a0\u00bb est devenu une \u0153uvre embl\u00e9matique du r\u00e9pertoire lyrique, salu\u00e9e pour son avant-gardisme et sa profonde expressivit\u00e9.<br \/>\nIl s&rsquo;agit d&rsquo;une \u0153uvre d&rsquo;art totale o\u00f9 la musique, le texte, et la mise en sc\u00e8ne se fondent en une seule entit\u00e9 po\u00e9tique. Op\u00e9ra pr\u00e9f\u00e9r\u00e9 d&rsquo;Herbert Von Karajan, le chef en offre une version plus onirique que la plupart de ses cong\u00e9n\u00e8res, pendant de son \u00ab\u00a0Parsifal\u00a0\u00bb presque contemporain. L&rsquo;orchestre y tient une place principale, dans une prise de son l\u00e9g\u00e8rement r\u00e9verb\u00e9r\u00e9e qui ajoute \u00e0 l&rsquo;ambiance \u00e9th\u00e9r\u00e9e dispens\u00e9e par des cordes somptueuses. Les chanteurs sont au moins ad\u00e9quats \u00e0 d\u00e9faut d&rsquo;\u00eatre tous g\u00e9niaux, et chantent dans un Fran\u00e7ais acceptable et compr\u00e9hensible. C&rsquo;est une tr\u00e8s belle version, qui fut largement salu\u00e9e par la critique \u00e0 sa parution et reste une version princeps de l&rsquo;oeuvre.<\/p>\n","protected":false},"excerpt":{"rendered":"<p>Le retour de la rentr\u00e9e et de ses incontournables marronniers marque \u00e9galement l&rsquo;ouverture de la saison \u00e0 l&rsquo;op\u00e9ra. A l&rsquo;Op\u00e9ra National du Rhin, traditionnellement, la premi\u00e8re oeuvre propos\u00e9e est un op\u00e9ra contemporain pr\u00e9sent\u00e9 dans le cadre du festival Musica. J&rsquo;y suis all\u00e9 \u00e0 quelques occasions, les productions sont g\u00e9n\u00e9ralement de qualit\u00e9 mais les oeuvres elles-m\u00eames [&hellip;]<\/p>\n","protected":false},"author":667,"featured_media":0,"comment_status":"open","ping_status":"open","sticky":false,"template":"","format":"standard","meta":{"site-sidebar-layout":"default","site-content-layout":"","ast-site-content-layout":"default","site-content-style":"default","site-sidebar-style":"default","ast-global-header-display":"","ast-banner-title-visibility":"","ast-main-header-display":"","ast-hfb-above-header-display":"","ast-hfb-below-header-display":"","ast-hfb-mobile-header-display":"","site-post-title":"","ast-breadcrumbs-content":"","ast-featured-img":"","footer-sml-layout":"","ast-disable-related-posts":"","theme-transparent-header-meta":"","adv-header-id-meta":"","stick-header-meta":"","header-above-stick-meta":"","header-main-stick-meta":"","header-below-stick-meta":"","astra-migrate-meta-layouts":"default","ast-page-background-enabled":"default","ast-page-background-meta":{"desktop":{"background-color":"var(--ast-global-color-4)","background-image":"","background-repeat":"repeat","background-position":"center center","background-size":"auto","background-attachment":"scroll","background-type":"","background-media":"","overlay-type":"","overlay-color":"","overlay-opacity":"","overlay-gradient":""},"tablet":{"background-color":"","background-image":"","background-repeat":"repeat","background-position":"center center","background-size":"auto","background-attachment":"scroll","background-type":"","background-media":"","overlay-type":"","overlay-color":"","overlay-opacity":"","overlay-gradient":""},"mobile":{"background-color":"","background-image":"","background-repeat":"repeat","background-position":"center center","background-size":"auto","background-attachment":"scroll","background-type":"","background-media":"","overlay-type":"","overlay-color":"","overlay-opacity":"","overlay-gradient":""}},"ast-content-background-meta":{"desktop":{"background-color":"var(--ast-global-color-5)","background-image":"","background-repeat":"repeat","background-position":"center center","background-size":"auto","background-attachment":"scroll","background-type":"","background-media":"","overlay-type":"","overlay-color":"","overlay-opacity":"","overlay-gradient":""},"tablet":{"background-color":"var(--ast-global-color-5)","background-image":"","background-repeat":"repeat","background-position":"center center","background-size":"auto","background-attachment":"scroll","background-type":"","background-media":"","overlay-type":"","overlay-color":"","overlay-opacity":"","overlay-gradient":""},"mobile":{"background-color":"var(--ast-global-color-5)","background-image":"","background-repeat":"repeat","background-position":"center center","background-size":"auto","background-attachment":"scroll","background-type":"","background-media":"","overlay-type":"","overlay-color":"","overlay-opacity":"","overlay-gradient":""}},"footnotes":""},"categories":[295],"tags":[109,56,67],"class_list":["post-13229","post","type-post","status-publish","format-standard","hentry","category-dimanche-a-lopera","tag-debussy","tag-karajan","tag-opera"],"_links":{"self":[{"href":"https:\/\/latelierdediablotin.fr\/WordPress3\/wp-json\/wp\/v2\/posts\/13229","targetHints":{"allow":["GET"]}}],"collection":[{"href":"https:\/\/latelierdediablotin.fr\/WordPress3\/wp-json\/wp\/v2\/posts"}],"about":[{"href":"https:\/\/latelierdediablotin.fr\/WordPress3\/wp-json\/wp\/v2\/types\/post"}],"author":[{"embeddable":true,"href":"https:\/\/latelierdediablotin.fr\/WordPress3\/wp-json\/wp\/v2\/users\/667"}],"replies":[{"embeddable":true,"href":"https:\/\/latelierdediablotin.fr\/WordPress3\/wp-json\/wp\/v2\/comments?post=13229"}],"version-history":[{"count":0,"href":"https:\/\/latelierdediablotin.fr\/WordPress3\/wp-json\/wp\/v2\/posts\/13229\/revisions"}],"wp:attachment":[{"href":"https:\/\/latelierdediablotin.fr\/WordPress3\/wp-json\/wp\/v2\/media?parent=13229"}],"wp:term":[{"taxonomy":"category","embeddable":true,"href":"https:\/\/latelierdediablotin.fr\/WordPress3\/wp-json\/wp\/v2\/categories?post=13229"},{"taxonomy":"post_tag","embeddable":true,"href":"https:\/\/latelierdediablotin.fr\/WordPress3\/wp-json\/wp\/v2\/tags?post=13229"}],"curies":[{"name":"wp","href":"https:\/\/api.w.org\/{rel}","templated":true}]}}