{"id":13506,"date":"2024-11-03T14:08:49","date_gmt":"2024-11-03T13:08:49","guid":{"rendered":"https:\/\/latelierdediablotin.fr\/WordPress3\/?p=13506"},"modified":"2024-11-03T14:08:49","modified_gmt":"2024-11-03T13:08:49","slug":"playlist-musique-de-chambre-romantique","status":"publish","type":"post","link":"https:\/\/latelierdediablotin.fr\/WordPress3\/playlist-musique-de-chambre-romantique\/","title":{"rendered":"Playlist \u00ab\u00a0Musique de chambre romantique\u00a0\u00bb"},"content":{"rendered":"<p style=\"text-align: justify;\">Et, pourrais-je ajouter au titre de cette playlist dominicale, accol\u00e9 \u00e0 l\u2019adjectif romantique, l\u2019adjectif \u00ab <strong>virile<\/strong> \u00bb, tant les interpr\u00e9tations de ces oeuvres \u00e9cout\u00e9es ce jour collent \u00e9galement tout-\u00e0-fait \u00e0 cette description ! &#8211;<em>Cliquer sur l\u2019image pour la voir en plus grand<\/em>-.<\/p>\n<p><a href=\"https:\/\/latelierdediablotin.fr\/WordPress3\/wp-content\/uploads\/2024\/11\/Playlist03112024.jpg\"><img loading=\"lazy\" decoding=\"async\" class=\"aligncenter size-full wp-image-13507\" src=\"https:\/\/latelierdediablotin.fr\/WordPress3\/wp-content\/uploads\/2024\/11\/Playlist03112024.jpg\" alt=\"\" width=\"1000\" height=\"339\" srcset=\"https:\/\/latelierdediablotin.fr\/WordPress3\/wp-content\/uploads\/2024\/11\/Playlist03112024.jpg 1000w, https:\/\/latelierdediablotin.fr\/WordPress3\/wp-content\/uploads\/2024\/11\/Playlist03112024-300x102.jpg 300w, https:\/\/latelierdediablotin.fr\/WordPress3\/wp-content\/uploads\/2024\/11\/Playlist03112024-768x260.jpg 768w\" sizes=\"auto, (max-width: 1000px) 100vw, 1000px\" \/><\/a><\/p>\n<p style=\"text-align: justify;\">Les trios de Mendelssohn notamment &#8211;<em>\u00e0 classer au plus haut niveau des productions de ce genre,<\/em> <span style=\"color: #0000ff;\"><strong>*****<\/strong><\/span>-, gagnent beaucoup \u00e0 ce traitement tr\u00e8s \u00e9nergique et qui avance sans trop de fioritures. Rostropovich prend beaucoup de place &#8211;<em>comme toujours, diront les mauvaises langues\u2026<\/em>&#8211; dans le merveilleux quintette pour cordes de Schubert &#8211;<span style=\"color: #0000ff;\"><strong>*****<\/strong><\/span>&#8211; qui trouve ici beaucoup d&rsquo;ampleur \u00a0et Gilels apporte \u00e0 la fois une \u00e9nergie fougueuse et beaucoup de po\u00e9sie au quintette avec piano de Brahms-<span style=\"color: #0000ff;\"><strong>*****<\/strong><\/span>-.<br \/>\nTrois excellents albums \u00e0 savourer sans r\u00e9serve !<\/p>\n","protected":false},"excerpt":{"rendered":"<p>Et, pourrais-je ajouter au titre de cette playlist dominicale, accol\u00e9 \u00e0 l\u2019adjectif romantique, l\u2019adjectif \u00ab virile \u00bb, tant les interpr\u00e9tations de ces oeuvres \u00e9cout\u00e9es ce jour collent \u00e9galement tout-\u00e0-fait \u00e0 cette description ! &#8211;Cliquer sur l\u2019image pour la voir en plus grand-. Les trios de Mendelssohn notamment &#8211;\u00e0 classer au plus haut niveau des productions [&hellip;]<\/p>\n","protected":false},"author":667,"featured_media":0,"comment_status":"open","ping_status":"open","sticky":false,"template":"","format":"standard","meta":{"site-sidebar-layout":"default","site-content-layout":"","ast-site-content-layout":"default","site-content-style":"default","site-sidebar-style":"default","ast-global-header-display":"","ast-banner-title-visibility":"","ast-main-header-display":"","ast-hfb-above-header-display":"","ast-hfb-below-header-display":"","ast-hfb-mobile-header-display":"","site-post-title":"","ast-breadcrumbs-content":"","ast-featured-img":"","footer-sml-layout":"","ast-disable-related-posts":"","theme-transparent-header-meta":"","adv-header-id-meta":"","stick-header-meta":"","header-above-stick-meta":"","header-main-stick-meta":"","header-below-stick-meta":"","astra-migrate-meta-layouts":"default","ast-page-background-enabled":"default","ast-page-background-meta":{"desktop":{"background-color":"var(--ast-global-color-4)","background-image":"","background-repeat":"repeat","background-position":"center center","background-size":"auto","background-attachment":"scroll","background-type":"","background-media":"","overlay-type":"","overlay-color":"","overlay-opacity":"","overlay-gradient":""},"tablet":{"background-color":"","background-image":"","background-repeat":"repeat","background-position":"center center","background-size":"auto","background-attachment":"scroll","background-type":"","background-media":"","overlay-type":"","overlay-color":"","overlay-opacity":"","overlay-gradient":""},"mobile":{"background-color":"","background-image":"","background-repeat":"repeat","background-position":"center center","background-size":"auto","background-attachment":"scroll","background-type":"","background-media":"","overlay-type":"","overlay-color":"","overlay-opacity":"","overlay-gradient":""}},"ast-content-background-meta":{"desktop":{"background-color":"var(--ast-global-color-5)","background-image":"","background-repeat":"repeat","background-position":"center center","background-size":"auto","background-attachment":"scroll","background-type":"","background-media":"","overlay-type":"","overlay-color":"","overlay-opacity":"","overlay-gradient":""},"tablet":{"background-color":"var(--ast-global-color-5)","background-image":"","background-repeat":"repeat","background-position":"center center","background-size":"auto","background-attachment":"scroll","background-type":"","background-media":"","overlay-type":"","overlay-color":"","overlay-opacity":"","overlay-gradient":""},"mobile":{"background-color":"var(--ast-global-color-5)","background-image":"","background-repeat":"repeat","background-position":"center center","background-size":"auto","background-attachment":"scroll","background-type":"","background-media":"","overlay-type":"","overlay-color":"","overlay-opacity":"","overlay-gradient":""}},"footnotes":""},"categories":[4],"tags":[114,103,62,77,299,125,300],"class_list":["post-13506","post","type-post","status-publish","format-standard","hentry","category-musique","tag-brahms","tag-gilels","tag-mendelssohn","tag-piano","tag-quintette","tag-schubert","tag-trio"],"_links":{"self":[{"href":"https:\/\/latelierdediablotin.fr\/WordPress3\/wp-json\/wp\/v2\/posts\/13506","targetHints":{"allow":["GET"]}}],"collection":[{"href":"https:\/\/latelierdediablotin.fr\/WordPress3\/wp-json\/wp\/v2\/posts"}],"about":[{"href":"https:\/\/latelierdediablotin.fr\/WordPress3\/wp-json\/wp\/v2\/types\/post"}],"author":[{"embeddable":true,"href":"https:\/\/latelierdediablotin.fr\/WordPress3\/wp-json\/wp\/v2\/users\/667"}],"replies":[{"embeddable":true,"href":"https:\/\/latelierdediablotin.fr\/WordPress3\/wp-json\/wp\/v2\/comments?post=13506"}],"version-history":[{"count":0,"href":"https:\/\/latelierdediablotin.fr\/WordPress3\/wp-json\/wp\/v2\/posts\/13506\/revisions"}],"wp:attachment":[{"href":"https:\/\/latelierdediablotin.fr\/WordPress3\/wp-json\/wp\/v2\/media?parent=13506"}],"wp:term":[{"taxonomy":"category","embeddable":true,"href":"https:\/\/latelierdediablotin.fr\/WordPress3\/wp-json\/wp\/v2\/categories?post=13506"},{"taxonomy":"post_tag","embeddable":true,"href":"https:\/\/latelierdediablotin.fr\/WordPress3\/wp-json\/wp\/v2\/tags?post=13506"}],"curies":[{"name":"wp","href":"https:\/\/api.w.org\/{rel}","templated":true}]}}