{"id":14104,"date":"2025-02-23T09:48:50","date_gmt":"2025-02-23T08:48:50","guid":{"rendered":"https:\/\/latelierdediablotin.fr\/WordPress3\/?p=14104"},"modified":"2025-02-23T09:58:55","modified_gmt":"2025-02-23T08:58:55","slug":"un-dimanche-dans-la-campagne-anglaise","status":"publish","type":"post","link":"https:\/\/latelierdediablotin.fr\/WordPress3\/un-dimanche-dans-la-campagne-anglaise\/","title":{"rendered":"Un dimanche dans la campagne anglaise"},"content":{"rendered":"<p style=\"text-align: justify;\">Mes p\u00e9r\u00e9grinations dominicales, \u00e0 d\u00e9faut de me guider vers l&rsquo;op\u00e9ra, me conduisent ce matin dans la campagne anglaise de <a href=\"https:\/\/fr.wikipedia.org\/wiki\/\u00c9poque_\u00e9douardienne\" target=\"_blank\" rel=\"noopener\"><span style=\"text-decoration: underline;\"><strong>l&rsquo;\u00e9poque edwardienne<\/strong><\/span><\/a> &#8211;<em>cette \u00ab\u00a0Belle-\u00c9poque\u00a0\u00bb d&rsquo;Outre-Manche<\/em>-, avec cette tr\u00e8s belle playlist consacr\u00e9e aux oeuvres orchestrales les plus c\u00e9l\u00e8bres d\u2019Edward Elgar &#8211;<em>notice biographique relativement d\u00e9taill\u00e9e \u00e0 lire <a href=\"https:\/\/fr.wikipedia.org\/wiki\/Edward_Elgar\" target=\"_blank\" rel=\"noopener\"><span style=\"text-decoration: underline;\"><strong>ici<\/strong><\/span><\/a><\/em>-, magnifiquement interpr\u00e9t\u00e9es par d\u2019excellents orchestres anglais, sous la direction d\u2019un chef am\u00e9ricain, Leonard Slatkin, rejeton d\u2019une famille de musiciens et d\u00e9sormais octog\u00e9naire, mais qui a commenc\u00e9 sa carri\u00e8re de chef d\u2019orchestre tr\u00e8s jeune \u00e0 Saint-Louis &#8211;<em>USA<\/em>&#8211; et est pass\u00e9, notamment, par Londres et Lyon &#8211;<em>de 2011 \u00e0 2020, il contribua tr\u00e8s largement au rayonnement de l&rsquo;orchestre de la ville<\/em>-.<\/p>\n<p style=\"text-align: justify;\"><a href=\"https:\/\/latelierdediablotin.fr\/WordPress3\/wp-content\/uploads\/2025\/02\/LSlatkin_022025.jpg\"><img loading=\"lazy\" decoding=\"async\" class=\"wp-image-14112 alignleft\" src=\"https:\/\/latelierdediablotin.fr\/WordPress3\/wp-content\/uploads\/2025\/02\/LSlatkin_022025.jpg\" alt=\"\" width=\"225\" height=\"225\" srcset=\"https:\/\/latelierdediablotin.fr\/WordPress3\/wp-content\/uploads\/2025\/02\/LSlatkin_022025.jpg 456w, https:\/\/latelierdediablotin.fr\/WordPress3\/wp-content\/uploads\/2025\/02\/LSlatkin_022025-300x300.jpg 300w, https:\/\/latelierdediablotin.fr\/WordPress3\/wp-content\/uploads\/2025\/02\/LSlatkin_022025-150x150.jpg 150w\" sizes=\"auto, (max-width: 225px) 100vw, 225px\" \/><\/a>Leonard Slatkin connut une carri\u00e8re discographique tr\u00e8s intense tout au long des ann\u00e9es 80 et 90, sur le label am\u00e9ricain RCA, dont la branche \u00ab\u00a0Red Seal = musique classique\u00a0\u00bb a \u00e9t\u00e9 rachet\u00e9e par Sony. Les enregistrements du jour font partie d\u2019une s\u00e9rie consacr\u00e9e au musicien anglais, r\u00e9alis\u00e9e \u00e0 la fin des ann\u00e9es 80 et durant les ann\u00e9es 90, b\u00e9n\u00e9ficiant d\u2019excellentes conditions techniques. Ces tr\u00e8s bonnes prises de son sont encore magnifi\u00e9es par le remastering de cette r\u00e9\u00e9dition sous \u00e9tiquette Sony, en 2013, dans un petit coffret de 4 CD, sorti \u00e0 prix tr\u00e8s r\u00e9duit &#8211;<em>mais \u00e0 la ligne \u00e9ditoriale aussi r\u00e9duite que son prix, comme pour toutes les r\u00e9\u00e9ditions de cette collection&#8230;<\/em>-, et qui, v\u00e9rification faite, reste encore disponible \u00e0 un prix tr\u00e8s raisonnable \u00e0 l&rsquo;heure actuelle &#8211;<em>cliquer sur l\u2019image pour la voir en plus grand<\/em>-.<\/p>\n<p style=\"text-align: justify;\">On retrouve donc, dans cette playlist dominicale &#8211;<em>cliquer sur l&rsquo;image pour voir en plus grand les belles jaquettes d&rsquo;origine et profiter, vous aussi, de la campagne anglaise !<\/em>&#8211; :<\/p>\n<p style=\"text-align: justify;\"><a href=\"https:\/\/latelierdediablotin.fr\/WordPress3\/wp-content\/uploads\/2025\/02\/Playlist23022025.jpg\"><img loading=\"lazy\" decoding=\"async\" class=\"aligncenter size-full wp-image-14106\" src=\"https:\/\/latelierdediablotin.fr\/WordPress3\/wp-content\/uploads\/2025\/02\/Playlist23022025.jpg\" alt=\"\" width=\"1250\" height=\"320\" srcset=\"https:\/\/latelierdediablotin.fr\/WordPress3\/wp-content\/uploads\/2025\/02\/Playlist23022025.jpg 1250w, https:\/\/latelierdediablotin.fr\/WordPress3\/wp-content\/uploads\/2025\/02\/Playlist23022025-300x77.jpg 300w, https:\/\/latelierdediablotin.fr\/WordPress3\/wp-content\/uploads\/2025\/02\/Playlist23022025-1024x262.jpg 1024w, https:\/\/latelierdediablotin.fr\/WordPress3\/wp-content\/uploads\/2025\/02\/Playlist23022025-768x197.jpg 768w\" sizes=\"auto, (max-width: 1250px) 100vw, 1250px\" \/><\/a><br \/>\n<strong>\u2022 la symphonie n\u00b01 &#8211; OP Londres &#8211; 1991 <span style=\"color: #0000ff;\">****<\/span><\/strong><br \/>\nSymphonie compos\u00e9e en 1907, apr\u00e8s une longue maturation de dix ans, et dont le th\u00e8me majestueux du premier mouvement est assez connu, puisqu\u2019il servit d\u2019illustration sonore au film \u00ab Greystoke : la l\u00e9gende de Tarzan \u00bb. L&rsquo;oeuvre connut un vif succ\u00e8s et fut interpr\u00e9t\u00e9e pas moins d&rsquo;une centaine de fois l&rsquo;ann\u00e9e de sa cr\u00e9ation. La version de Slatkin, en 52 minutes, semble \u00eatre celle du juste milieu, tr\u00e8s proche des indications de la partition : Elgar lui-m\u00eame a enregistr\u00e9 l\u2019oeuvre en 1931 et cravache son orchestre en 47 minutes &#8211;<em>mais j&rsquo;aime beaucoup, malgr\u00e9 un son un peu difficile<\/em>-, quand la version de Giuseppe Sinopoli, qui tire adroitement Elgar vers Mahler, dure un peu plus d\u2019une heure &#8211;<em>mais j&rsquo;aime beaucoup aussi !<\/em>-.<\/p>\n<p style=\"text-align: justify;\"><strong>\u2022 la symphonie n\u00b02 &#8211; OP Londres &#8211; 1993 <span style=\"color: #0000ff;\">***<\/span><\/strong><br \/>\nAchev\u00e9e en 1911 bien que partiellement \u00e9bauch\u00e9e \u00e0 l&rsquo;\u00e9tat d&rsquo;esquisses au moins dix ans plus t\u00f4t, cette symphonie est d\u00e9di\u00e9e \u00e0 la m\u00e9moire du roi Edward VII, d\u00e9c\u00e9d\u00e9 une ann\u00e9e auparavant. Cette seconde symphonie connu un moindre succ\u00e8s que sa premi\u00e8re symphonie, &#8211;<em>ainsi, Elgar traita son public de \u00ab\u00a0cochons repus\u00a0\u00bb devant le peu d&rsquo;enthousiasme lors de sa cr\u00e9ation<\/em>-, tant du vivant de son compositeur que pour la post\u00e9rit\u00e9, en d\u00e9pit de quelques passages champ\u00eatres fort beaux et d&rsquo;un second mouvement \u00e9mouvant et recueilli. L\u00e9onard Slatkin s&rsquo;interdit tout alanguissement, et c&rsquo;est tr\u00e8s bien ainsi !<\/p>\n<p style=\"text-align: justify;\"><strong><a href=\"https:\/\/latelierdediablotin.fr\/WordPress3\/wp-content\/uploads\/2025\/02\/JStarker_022025.jpg\"><img loading=\"lazy\" decoding=\"async\" class=\"alignright wp-image-14117\" src=\"https:\/\/latelierdediablotin.fr\/WordPress3\/wp-content\/uploads\/2025\/02\/JStarker_022025-240x300.jpg\" alt=\"\" width=\"175\" height=\"219\" srcset=\"https:\/\/latelierdediablotin.fr\/WordPress3\/wp-content\/uploads\/2025\/02\/JStarker_022025-240x300.jpg 240w, https:\/\/latelierdediablotin.fr\/WordPress3\/wp-content\/uploads\/2025\/02\/JStarker_022025.jpg 393w\" sizes=\"auto, (max-width: 175px) 100vw, 175px\" \/><\/a>\u2022 le concerto pour violoncelle &#8211; Janos Starker, Philharmonia Orchestra &#8211; 1997 <span style=\"color: #0000ff;\">****<\/span><\/strong><br \/>\nLe concerto pour violoncelle est une oeuvre plus tardive, compos\u00e9e apr\u00e8s la premi\u00e8re guerre mondiale et achev\u00e9e en 1919. Il est tr\u00e8s populaire et facile d\u2019acc\u00e8s et constitue, \u00e0 mes oreilles, l\u2019un des plus beaux concertos pour violoncelle du r\u00e9pertoire : \u00e0 ce titre, il est plut\u00f4t bien repr\u00e9sent\u00e9 dans ma discoth\u00e8que. La version de Janos Starker et Leonard Slatkin est tr\u00e8s belle, peine de noblesse et beaucoup moins passionn\u00e9e &#8211;<em>mais non moins pertinente<\/em>&#8211; que celle de Jacqueline du Pr\u00e9 et Barbirolli dans leur mythique disque enregistr\u00e9 en 1965.<\/p>\n<p style=\"text-align: justify;\"><strong>\u2022 les \u00ab\u00a0Variations Enigma\u00a0\u00bb &#8211; 1989 <span style=\"color: #0000ff;\">****<\/span><\/strong><br \/>\nCes portraits musicaux en forme de variations pour orchestre, achev\u00e9es en 1899, sont l\u2019une des oeuvres les mieux repr\u00e9sent\u00e9es dans ma discoth\u00e8que, avec pas moins d&rsquo;une vingtaine de versions diff\u00e9rentes &#8211;<em>cf. <a href=\"https:\/\/latelierdediablotin.fr\/WordPress3\/des-gouts-et-des-couleurs-6\/\" target=\"_blank\" rel=\"noopener\"><span style=\"text-decoration: underline;\"><strong>ici<\/strong><\/span><\/a> et <span style=\"color: #666699;\"><a style=\"color: #666699;\" href=\"https:\/\/latelierdediablotin.fr\/WordPress3\/des-gouts-et-des-couleurs-6-2\/\" target=\"_blank\" rel=\"noopener\"><span style=\"text-decoration: underline;\"><strong>l\u00e0<\/strong><\/span><\/a><\/span> pour en savoir plus<\/em>-. L&rsquo;oeuvre est tr\u00e8s populaire et tr\u00e8s facile d&rsquo;acc\u00e8s, c&rsquo;est la composition d&rsquo;Elgar la plus c\u00e9l\u00e8bre avec sa \u00ab\u00a0Pompe et Circonstance n\u00b01\u00a0\u00bb. Avec celle de Sinopoli, qui pr\u00e9sente d&rsquo;autres \u00e9quilibres toutefois, la version de Leonard Slatkin est l\u2019une des plus lentes de la discographie &#8211;<em>34 minutes<\/em>-, sans pour autant que l\u2019oeuvre p\u00e2tisse du traitement que lui fait subir Leonard Bernstein &#8211;<em>38 minutes !!!<\/em>-. <em><span style=\"font-size: 8pt; color: #000080;\">A titre indicatif, Elgar lui-m\u00eame interpr\u00e9tait ces variations en moins de 30 minutes et son coll\u00e8gue Hamilton Harty en 27 minutes dans un enregistrement de 1932. De nos jours, la dur\u00e9e moyenne d&rsquo;une interpr\u00e9tation est g\u00e9n\u00e9ralement de 31 \u00e0 32 minutes.<\/span><\/em><br \/>\nLa pr\u00e9sente version est port\u00e9e par de tr\u00e8s beaux timbres orchestraux, et la variation XII \u00ab\u00a0B.G.N\u00a0\u00bb &#8211;<em>portrait de Basil G. Nevinson, violoncelliste ami d&rsquo;Elgar qui inspira le concerto pour violoncelle<\/em>&#8211; est somptueuse \u00e0 cet \u00e9gard.<\/p>\n<audio class=\"wp-audio-shortcode\" id=\"audio-14104-1\" preload=\"none\" style=\"width: 100%;\" controls=\"controls\"><source type=\"audio\/mpeg\" src=\"https:\/\/latelierdediablotin.fr\/WordPress3\/wp-content\/uploads\/2025\/02\/Extrait23022025.mp3?_=1\" \/><a href=\"https:\/\/latelierdediablotin.fr\/WordPress3\/wp-content\/uploads\/2025\/02\/Extrait23022025.mp3\">https:\/\/latelierdediablotin.fr\/WordPress3\/wp-content\/uploads\/2025\/02\/Extrait23022025.mp3<\/a><\/audio>\n<p><a href=\"https:\/\/latelierdediablotin.fr\/WordPress3\/wp-content\/uploads\/2025\/02\/Elgar_Portrait022025.jpg\"><img loading=\"lazy\" decoding=\"async\" class=\"aligncenter size-full wp-image-14107\" src=\"https:\/\/latelierdediablotin.fr\/WordPress3\/wp-content\/uploads\/2025\/02\/Elgar_Portrait022025.jpg\" alt=\"\" width=\"1000\" height=\"610\" srcset=\"https:\/\/latelierdediablotin.fr\/WordPress3\/wp-content\/uploads\/2025\/02\/Elgar_Portrait022025.jpg 1000w, https:\/\/latelierdediablotin.fr\/WordPress3\/wp-content\/uploads\/2025\/02\/Elgar_Portrait022025-300x183.jpg 300w, https:\/\/latelierdediablotin.fr\/WordPress3\/wp-content\/uploads\/2025\/02\/Elgar_Portrait022025-768x468.jpg 768w\" sizes=\"auto, (max-width: 1000px) 100vw, 1000px\" \/><\/a><\/p>\n","protected":false},"excerpt":{"rendered":"<p>Mes p\u00e9r\u00e9grinations dominicales, \u00e0 d\u00e9faut de me guider vers l&rsquo;op\u00e9ra, me conduisent ce matin dans la campagne anglaise de l&rsquo;\u00e9poque edwardienne &#8211;cette \u00ab\u00a0Belle-\u00c9poque\u00a0\u00bb d&rsquo;Outre-Manche-, avec cette tr\u00e8s belle playlist consacr\u00e9e aux oeuvres orchestrales les plus c\u00e9l\u00e8bres d\u2019Edward Elgar &#8211;notice biographique relativement d\u00e9taill\u00e9e \u00e0 lire ici-, magnifiquement interpr\u00e9t\u00e9es par d\u2019excellents orchestres anglais, sous la direction d\u2019un [&hellip;]<\/p>\n","protected":false},"author":667,"featured_media":0,"comment_status":"open","ping_status":"open","sticky":false,"template":"","format":"standard","meta":{"site-sidebar-layout":"default","site-content-layout":"","ast-site-content-layout":"default","site-content-style":"default","site-sidebar-style":"default","ast-global-header-display":"","ast-banner-title-visibility":"","ast-main-header-display":"","ast-hfb-above-header-display":"","ast-hfb-below-header-display":"","ast-hfb-mobile-header-display":"","site-post-title":"","ast-breadcrumbs-content":"","ast-featured-img":"","footer-sml-layout":"","ast-disable-related-posts":"","theme-transparent-header-meta":"default","adv-header-id-meta":"","stick-header-meta":"","header-above-stick-meta":"","header-main-stick-meta":"","header-below-stick-meta":"","astra-migrate-meta-layouts":"set","ast-page-background-enabled":"default","ast-page-background-meta":{"desktop":{"background-color":"var(--ast-global-color-4)","background-image":"","background-repeat":"repeat","background-position":"center center","background-size":"auto","background-attachment":"scroll","background-type":"","background-media":"","overlay-type":"","overlay-color":"","overlay-opacity":"","overlay-gradient":""},"tablet":{"background-color":"","background-image":"","background-repeat":"repeat","background-position":"center center","background-size":"auto","background-attachment":"scroll","background-type":"","background-media":"","overlay-type":"","overlay-color":"","overlay-opacity":"","overlay-gradient":""},"mobile":{"background-color":"","background-image":"","background-repeat":"repeat","background-position":"center center","background-size":"auto","background-attachment":"scroll","background-type":"","background-media":"","overlay-type":"","overlay-color":"","overlay-opacity":"","overlay-gradient":""}},"ast-content-background-meta":{"desktop":{"background-color":"var(--ast-global-color-5)","background-image":"","background-repeat":"repeat","background-position":"center center","background-size":"auto","background-attachment":"scroll","background-type":"","background-media":"","overlay-type":"","overlay-color":"","overlay-opacity":"","overlay-gradient":""},"tablet":{"background-color":"var(--ast-global-color-5)","background-image":"","background-repeat":"repeat","background-position":"center center","background-size":"auto","background-attachment":"scroll","background-type":"","background-media":"","overlay-type":"","overlay-color":"","overlay-opacity":"","overlay-gradient":""},"mobile":{"background-color":"var(--ast-global-color-5)","background-image":"","background-repeat":"repeat","background-position":"center center","background-size":"auto","background-attachment":"scroll","background-type":"","background-media":"","overlay-type":"","overlay-color":"","overlay-opacity":"","overlay-gradient":""}},"footnotes":""},"categories":[4],"tags":[50,86,57,111,161],"class_list":["post-14104","post","type-post","status-publish","format-standard","hentry","category-musique","tag-concerto","tag-discotheque","tag-elgar","tag-symphonies","tag-violoncelle"],"_links":{"self":[{"href":"https:\/\/latelierdediablotin.fr\/WordPress3\/wp-json\/wp\/v2\/posts\/14104","targetHints":{"allow":["GET"]}}],"collection":[{"href":"https:\/\/latelierdediablotin.fr\/WordPress3\/wp-json\/wp\/v2\/posts"}],"about":[{"href":"https:\/\/latelierdediablotin.fr\/WordPress3\/wp-json\/wp\/v2\/types\/post"}],"author":[{"embeddable":true,"href":"https:\/\/latelierdediablotin.fr\/WordPress3\/wp-json\/wp\/v2\/users\/667"}],"replies":[{"embeddable":true,"href":"https:\/\/latelierdediablotin.fr\/WordPress3\/wp-json\/wp\/v2\/comments?post=14104"}],"version-history":[{"count":0,"href":"https:\/\/latelierdediablotin.fr\/WordPress3\/wp-json\/wp\/v2\/posts\/14104\/revisions"}],"wp:attachment":[{"href":"https:\/\/latelierdediablotin.fr\/WordPress3\/wp-json\/wp\/v2\/media?parent=14104"}],"wp:term":[{"taxonomy":"category","embeddable":true,"href":"https:\/\/latelierdediablotin.fr\/WordPress3\/wp-json\/wp\/v2\/categories?post=14104"},{"taxonomy":"post_tag","embeddable":true,"href":"https:\/\/latelierdediablotin.fr\/WordPress3\/wp-json\/wp\/v2\/tags?post=14104"}],"curies":[{"name":"wp","href":"https:\/\/api.w.org\/{rel}","templated":true}]}}