{"id":15145,"date":"2025-06-20T12:16:15","date_gmt":"2025-06-20T10:16:15","guid":{"rendered":"https:\/\/latelierdediablotin.fr\/WordPress3\/?p=15145"},"modified":"2025-06-20T12:16:15","modified_gmt":"2025-06-20T10:16:15","slug":"playlist-sprechen-sie-deutsch","status":"publish","type":"post","link":"https:\/\/latelierdediablotin.fr\/WordPress3\/playlist-sprechen-sie-deutsch\/","title":{"rendered":"Playlist \u00ab\u00a0Sprechen Sie Deutsch\u00a0?\u00a0\u00bb"},"content":{"rendered":"<p style=\"text-align: justify;\"><em><strong><span style=\"color: #0000ff;\">An dieser Frage muss ich \u00ab\u00a0JA\u00a0\u00bb antworten.<\/span><\/strong><\/em> J\u2019ai commenc\u00e9 \u00e0 apprendre l\u2019Allemand \u00e0 l\u2019\u00e9cole primaire au CM1 au milieu des ann\u00e9es 70 &#8211;<em>l\u2019Alsace \u00e9tait alors r\u00e9gion pionni\u00e8re et pilote pour un enseignement d\u2019une langue d\u00e8s l\u2019\u00e9cole primaire<\/em>-, gr\u00e2ce \u00e0 cette <a href=\"https:\/\/fr.wikipedia.org\/wiki\/Georges_Holderith\" target=\"_blank\" rel=\"noopener\"><span style=\"text-decoration: underline;\"><strong>m\u00e9thode<\/strong><\/span><\/a>, puis j\u2019ai poursuivi en l\u2019Allemand au coll\u00e8ge en classe d\u00e8s la Sixi\u00e8me &#8211;<em>classe de coll\u00e9giens LV1 \u00ab Allemand non dialectophones \u00bb car il existait \u00e9galement des classes \u00ab Allemand dialectophones \u00bb dans lesquelles les \u00e9l\u00e8ves poss\u00e9daient d\u2019entr\u00e9e un vocabulaire nettement plus riche, mais une grammaire peu acad\u00e9mique\u2026<\/em>-, continu\u00e9 en Allemand LV1 au lyc\u00e9e et jusqu\u2019\u00e0 l\u2019universit\u00e9 o\u00f9 j\u2019ai suivi jusqu\u2019en licence un \u00e9l\u00e9ment de langue et culture d\u2019origine &#8211;<em>\u00e9l\u00e9ment facile \u00e0 obtenir, nous \u00e9tions peu nombreux et cela tournait autant autour de la langue que des coutumes et de la gastronomie locales, bi\u00e8re et vin blanc compris !<\/em>-.<br \/>\nApr\u00e8s la licence, j\u2019ai abandonn\u00e9 l\u2019Allemand et le Latin et n\u2019ai gard\u00e9 que l\u2019Anglais dans le cadre de la poursuite de mes \u00e9tudes. Par ailleurs, j\u2019ai fait mon \u00ab service national \u00bb \u00e0 Freiburg-In-Breisgau et \u00e0 travers l\u2019Allemagne f\u00e9d\u00e9rale, et ma mission me laissait \u00e9norm\u00e9ment de temps libre pour c\u00f4toyer des \u00e9tudiants allemands.<br \/>\nDonc, je comprends assez bien encore les paroles de la playlist de ce jour ! &#8211;<em>Cliquer sur l\u2019image pour la voir en plus grand<\/em>-.<\/p>\n<p><a href=\"https:\/\/latelierdediablotin.fr\/WordPress3\/wp-content\/uploads\/2025\/06\/Playlist20062025.jpg\"><img loading=\"lazy\" decoding=\"async\" class=\"aligncenter wp-image-15146 size-full\" src=\"https:\/\/latelierdediablotin.fr\/WordPress3\/wp-content\/uploads\/2025\/06\/Playlist20062025.jpg\" alt=\"\" width=\"1250\" height=\"421\" srcset=\"https:\/\/latelierdediablotin.fr\/WordPress3\/wp-content\/uploads\/2025\/06\/Playlist20062025.jpg 1250w, https:\/\/latelierdediablotin.fr\/WordPress3\/wp-content\/uploads\/2025\/06\/Playlist20062025-300x101.jpg 300w, https:\/\/latelierdediablotin.fr\/WordPress3\/wp-content\/uploads\/2025\/06\/Playlist20062025-1024x345.jpg 1024w, https:\/\/latelierdediablotin.fr\/WordPress3\/wp-content\/uploads\/2025\/06\/Playlist20062025-768x259.jpg 768w\" sizes=\"auto, (max-width: 1250px) 100vw, 1250px\" \/><\/a><\/p>\n<p style=\"text-align: center;\"><strong>\u2022 Nina Hagen Band<\/strong> &#8211; Unbehagen &#8211; 1979 <span style=\"color: #0000ff;\"><strong>****<\/strong><\/span><\/p>\n<p style=\"text-align: justify;\">C\u2019est le second album du Nina Hagen Band, qui s\u2019inscrit dans la lign\u00e9e punk un peu grandiloquent du premier opus, le groupe compos\u00e9 de bons musiciens \u00e9tant charg\u00e9 de porter la voix de Nina Hagen, dont le chant se compose de vocalises et d\u2019\u00e9ructations et autres bruitages. L\u2019album, qui connut un tr\u00e8s grand succ\u00e8s tant en Allemagne qu\u2019en France, comporte notamment le hit \u00ab African Reggae \u00bb qui rendit la chanteuse populaire.<\/p>\n<p style=\"text-align: center;\"><strong>\u2022 D.A.F (Deutsch Amerikanische Freundschaft)<\/strong> &#8211; Allez ist gut &#8211; 1981 <span style=\"color: #0000ff;\"><strong>*****<\/strong><\/span><\/p>\n<p style=\"text-align: justify;\">Un album d\u2019\u00e9lectropunk industriel tr\u00e8s \u00e9trange et d\u2019une grande sensualit\u00e9, qui connut un immense succ\u00e8s en Allemagne et comporte les hits \u00ab Der Mussolini \u00bb et \u00ab Der Ra\u00fcber und der Prinz \u00bb, tr\u00e8s jolie comptine en forme de jolie ballade presque murmur\u00e9e.<\/p>\n<p><center><iframe loading=\"lazy\" title=\"YouTube video player\" src=\"https:\/\/www.youtube.com\/embed\/jDQPVXUegPs?si=Eq2IiajnzpbsVJB6\" width=\"560\" height=\"315\" frameborder=\"0\">allow=\u00a0\u00bbaccelerometer; autoplay; clipboard-write; encrypted-media; gyroscope; picture-in-picture; web-share\u00a0\u00bb referrerpolicy=\u00a0\u00bbstrict-origin-when-cross-origin\u00a0\u00bb allowfullscreen&gt;<\/iframe><\/center><\/p>\n<p style=\"text-align: center;\"><strong>\u2022 Nena<\/strong> &#8211; Nena ft. Nena. 20 Jahre : das Jubil\u00e4us-Album 2002 <span style=\"color: #0000ff;\"><strong>***<\/strong><\/span><\/p>\n<p style=\"text-align: justify;\">Un album de reprises par Nena &#8211;<em>la chanteuse<\/em>&#8211; des principaux succ\u00e8s, dont le tr\u00e8s c\u00e9l\u00e8bre 99 Luftballons \u00bb qu\u2019elle a connus en solo ou avec Nena &#8211;<em>le groupe<\/em>&#8211; dans des versions remises au go\u00fbt du jour, et qui relan\u00e7a la chanteuse, qui avait mis sa carri\u00e8re quelques peu entre parenth\u00e8ses. Pop-music gentille mais agr\u00e9able.<\/p>\n<p><center><iframe loading=\"lazy\" title=\"YouTube video player\" src=\"https:\/\/www.youtube.com\/embed\/IZS-uzyPz-s?si=4KqkfHq_oXxXRFve\" width=\"560\" height=\"315\" frameborder=\"0\" allowfullscreen=\"allowfullscreen\"><\/iframe><\/center><\/p>\n","protected":false},"excerpt":{"rendered":"<p>An dieser Frage muss ich \u00ab\u00a0JA\u00a0\u00bb antworten. J\u2019ai commenc\u00e9 \u00e0 apprendre l\u2019Allemand \u00e0 l\u2019\u00e9cole primaire au CM1 au milieu des ann\u00e9es 70 &#8211;l\u2019Alsace \u00e9tait alors r\u00e9gion pionni\u00e8re et pilote pour un enseignement d\u2019une langue d\u00e8s l\u2019\u00e9cole primaire-, gr\u00e2ce \u00e0 cette m\u00e9thode, puis j\u2019ai poursuivi en l\u2019Allemand au coll\u00e8ge en classe d\u00e8s la Sixi\u00e8me &#8211;classe de [&hellip;]<\/p>\n","protected":false},"author":667,"featured_media":0,"comment_status":"open","ping_status":"open","sticky":false,"template":"","format":"standard","meta":{"site-sidebar-layout":"default","site-content-layout":"","ast-site-content-layout":"default","site-content-style":"default","site-sidebar-style":"default","ast-global-header-display":"","ast-banner-title-visibility":"","ast-main-header-display":"","ast-hfb-above-header-display":"","ast-hfb-below-header-display":"","ast-hfb-mobile-header-display":"","site-post-title":"","ast-breadcrumbs-content":"","ast-featured-img":"","footer-sml-layout":"","ast-disable-related-posts":"","theme-transparent-header-meta":"default","adv-header-id-meta":"","stick-header-meta":"","header-above-stick-meta":"","header-main-stick-meta":"","header-below-stick-meta":"","astra-migrate-meta-layouts":"set","ast-page-background-enabled":"default","ast-page-background-meta":{"desktop":{"background-color":"var(--ast-global-color-4)","background-image":"","background-repeat":"repeat","background-position":"center center","background-size":"auto","background-attachment":"scroll","background-type":"","background-media":"","overlay-type":"","overlay-color":"","overlay-opacity":"","overlay-gradient":""},"tablet":{"background-color":"","background-image":"","background-repeat":"repeat","background-position":"center center","background-size":"auto","background-attachment":"scroll","background-type":"","background-media":"","overlay-type":"","overlay-color":"","overlay-opacity":"","overlay-gradient":""},"mobile":{"background-color":"","background-image":"","background-repeat":"repeat","background-position":"center center","background-size":"auto","background-attachment":"scroll","background-type":"","background-media":"","overlay-type":"","overlay-color":"","overlay-opacity":"","overlay-gradient":""}},"ast-content-background-meta":{"desktop":{"background-color":"var(--ast-global-color-5)","background-image":"","background-repeat":"repeat","background-position":"center center","background-size":"auto","background-attachment":"scroll","background-type":"","background-media":"","overlay-type":"","overlay-color":"","overlay-opacity":"","overlay-gradient":""},"tablet":{"background-color":"var(--ast-global-color-5)","background-image":"","background-repeat":"repeat","background-position":"center center","background-size":"auto","background-attachment":"scroll","background-type":"","background-media":"","overlay-type":"","overlay-color":"","overlay-opacity":"","overlay-gradient":""},"mobile":{"background-color":"var(--ast-global-color-5)","background-image":"","background-repeat":"repeat","background-position":"center center","background-size":"auto","background-attachment":"scroll","background-type":"","background-media":"","overlay-type":"","overlay-color":"","overlay-opacity":"","overlay-gradient":""}},"footnotes":""},"categories":[4],"tags":[37,61],"class_list":["post-15145","post","type-post","status-publish","format-standard","hentry","category-musique","tag-pop-rock","tag-punk"],"_links":{"self":[{"href":"https:\/\/latelierdediablotin.fr\/WordPress3\/wp-json\/wp\/v2\/posts\/15145","targetHints":{"allow":["GET"]}}],"collection":[{"href":"https:\/\/latelierdediablotin.fr\/WordPress3\/wp-json\/wp\/v2\/posts"}],"about":[{"href":"https:\/\/latelierdediablotin.fr\/WordPress3\/wp-json\/wp\/v2\/types\/post"}],"author":[{"embeddable":true,"href":"https:\/\/latelierdediablotin.fr\/WordPress3\/wp-json\/wp\/v2\/users\/667"}],"replies":[{"embeddable":true,"href":"https:\/\/latelierdediablotin.fr\/WordPress3\/wp-json\/wp\/v2\/comments?post=15145"}],"version-history":[{"count":0,"href":"https:\/\/latelierdediablotin.fr\/WordPress3\/wp-json\/wp\/v2\/posts\/15145\/revisions"}],"wp:attachment":[{"href":"https:\/\/latelierdediablotin.fr\/WordPress3\/wp-json\/wp\/v2\/media?parent=15145"}],"wp:term":[{"taxonomy":"category","embeddable":true,"href":"https:\/\/latelierdediablotin.fr\/WordPress3\/wp-json\/wp\/v2\/categories?post=15145"},{"taxonomy":"post_tag","embeddable":true,"href":"https:\/\/latelierdediablotin.fr\/WordPress3\/wp-json\/wp\/v2\/tags?post=15145"}],"curies":[{"name":"wp","href":"https:\/\/api.w.org\/{rel}","templated":true}]}}