{"id":16004,"date":"2025-10-24T07:33:04","date_gmt":"2025-10-24T05:33:04","guid":{"rendered":"https:\/\/latelierdediablotin.fr\/WordPress3\/?p=16004"},"modified":"2025-10-24T12:09:48","modified_gmt":"2025-10-24T10:09:48","slug":"playlist-karajan-et-la-musique-contemporaine","status":"publish","type":"post","link":"https:\/\/latelierdediablotin.fr\/WordPress3\/playlist-karajan-et-la-musique-contemporaine\/","title":{"rendered":"Playlist \u00ab\u00a0Karajan et la musique contemporaine\u00a0\u00bb"},"content":{"rendered":"<p style=\"text-align: justify;\">R\u00e9put\u00e9 pour ne pas se consacrer \u00e0 la \u00ab\u00a0musique contemporaine\u00a0\u00bb, Karajan enregistra pourtant nombre de compositeurs \u00ab\u00a0contemporains\u00a0\u00bb de son \u00e9poque : seconde \u00e9cole de Vienne avec un coffret qu\u2019il finan\u00e7a lui-m\u00eame, son \u00e9diteur \u00e9tant plut\u00f4t r\u00e9tif devant une entreprise a priori vou\u00e9e \u00e0 l\u2019\u00e9chec commercial &#8211;<em>en r\u00e9alit\u00e9, apr\u00e8s une ann\u00e9e de vente, Karajan \u00e9tait tr\u00e8s fier d\u2019annoncer que le nombre de coffrets vendus, si on les empilait, d\u00e9passait le sommet de la Tour Eiffel\u2026<\/em>&#8211; ; mais \u00e9galement les trois albums de la playlist de ce jour, que la critique unanime classe parmi les tout meilleurs disques enregistr\u00e9s par le chef et son orchestre. &#8211;<em>Cliquer sur l\u2019image pour la voir en plus grand<\/em>-.<\/p>\n<p><a href=\"https:\/\/latelierdediablotin.fr\/WordPress3\/wp-content\/uploads\/2025\/10\/Playlist24102025.jpg\"><img loading=\"lazy\" decoding=\"async\" class=\"aligncenter size-full wp-image-16005\" src=\"https:\/\/latelierdediablotin.fr\/WordPress3\/wp-content\/uploads\/2025\/10\/Playlist24102025.jpg\" alt=\"\" width=\"1250\" height=\"416\" srcset=\"https:\/\/latelierdediablotin.fr\/WordPress3\/wp-content\/uploads\/2025\/10\/Playlist24102025.jpg 1250w, https:\/\/latelierdediablotin.fr\/WordPress3\/wp-content\/uploads\/2025\/10\/Playlist24102025-300x100.jpg 300w, https:\/\/latelierdediablotin.fr\/WordPress3\/wp-content\/uploads\/2025\/10\/Playlist24102025-1024x341.jpg 1024w, https:\/\/latelierdediablotin.fr\/WordPress3\/wp-content\/uploads\/2025\/10\/Playlist24102025-768x256.jpg 768w\" sizes=\"auto, (max-width: 1250px) 100vw, 1250px\" \/><\/a><\/p>\n<p style=\"text-align: center;\"><strong>\u2022 Serge Prokofiev<\/strong> &#8211; Symphonie n\u00b05 &#8211; 1968 <span style=\"color: #0000ff;\"><strong>*****<\/strong><\/span><br \/>\n<strong>\u2022 Arthur Honegger<\/strong> &#8211; Symphonies n\u00b02 et n\u00b03 \u00ab\u00a0Liturgique\u00a0\u00bb &#8211; 1973<b> <span style=\"color: #0000ff;\">*****<\/span><\/b><br \/>\n<strong>\u2022 Chostakovich<\/strong> &#8211; Symphonie n\u00b010 &#8211; 1982 <span style=\"color: #0000ff;\"><b>*****<\/b><\/span><\/p>\n<p style=\"text-align: justify;\">Dans tous les cas, l\u2019orchestre, qui a atteint son apog\u00e9e \u00e0 cette p\u00e9riode, se montre hyper-virtuose &#8211;<em>dernier mouvement de la symphonie de Chostakovich, par exemple<\/em>&#8211; et d\u00e9veloppe des sonorit\u00e9s d\u2019une beaut\u00e9 et d\u2019un raffinement exceptionnels que, selon l\u2019avis de nombreux sp\u00e9cialistes, il <span style=\"font-size: 16px; -webkit-text-size-adjust: 100%;\">ne retrouvera jamais avec les chefs qui ont succ\u00e9d\u00e9 \u00e0 Karajan jusqu\u2019\u00e0 ce jour &#8211;<\/span><em style=\"font-size: 16px; -webkit-text-size-adjust: 100%;\">on reste optimiste pourtant en \u00e9coutant la derni\u00e8re production du Philharmonique de Berlin, consacr\u00e9e \u00e0 la seconde \u00e9cole de Vienne, avec son \u00ab\u00a0nouveau\u00a0\u00bb chef, Kirill Petrenko<\/em><span style=\"font-size: 16px; -webkit-text-size-adjust: 100%;\">-. Une tr\u00e8s belle playlist !<\/span><\/p>\n","protected":false},"excerpt":{"rendered":"<p>R\u00e9put\u00e9 pour ne pas se consacrer \u00e0 la \u00ab\u00a0musique contemporaine\u00a0\u00bb, Karajan enregistra pourtant nombre de compositeurs \u00ab\u00a0contemporains\u00a0\u00bb de son \u00e9poque : seconde \u00e9cole de Vienne avec un coffret qu\u2019il finan\u00e7a lui-m\u00eame, son \u00e9diteur \u00e9tant plut\u00f4t r\u00e9tif devant une entreprise a priori vou\u00e9e \u00e0 l\u2019\u00e9chec commercial &#8211;en r\u00e9alit\u00e9, apr\u00e8s une ann\u00e9e de vente, Karajan \u00e9tait tr\u00e8s [&hellip;]<\/p>\n","protected":false},"author":667,"featured_media":0,"comment_status":"open","ping_status":"open","sticky":false,"template":"","format":"standard","meta":{"site-sidebar-layout":"default","site-content-layout":"","ast-site-content-layout":"default","site-content-style":"default","site-sidebar-style":"default","ast-global-header-display":"","ast-banner-title-visibility":"","ast-main-header-display":"","ast-hfb-above-header-display":"","ast-hfb-below-header-display":"","ast-hfb-mobile-header-display":"","site-post-title":"","ast-breadcrumbs-content":"","ast-featured-img":"","footer-sml-layout":"","ast-disable-related-posts":"","theme-transparent-header-meta":"default","adv-header-id-meta":"","stick-header-meta":"","header-above-stick-meta":"","header-main-stick-meta":"","header-below-stick-meta":"","astra-migrate-meta-layouts":"set","ast-page-background-enabled":"default","ast-page-background-meta":{"desktop":{"background-color":"var(--ast-global-color-4)","background-image":"","background-repeat":"repeat","background-position":"center center","background-size":"auto","background-attachment":"scroll","background-type":"","background-media":"","overlay-type":"","overlay-color":"","overlay-opacity":"","overlay-gradient":""},"tablet":{"background-color":"","background-image":"","background-repeat":"repeat","background-position":"center center","background-size":"auto","background-attachment":"scroll","background-type":"","background-media":"","overlay-type":"","overlay-color":"","overlay-opacity":"","overlay-gradient":""},"mobile":{"background-color":"","background-image":"","background-repeat":"repeat","background-position":"center center","background-size":"auto","background-attachment":"scroll","background-type":"","background-media":"","overlay-type":"","overlay-color":"","overlay-opacity":"","overlay-gradient":""}},"ast-content-background-meta":{"desktop":{"background-color":"var(--ast-global-color-5)","background-image":"","background-repeat":"repeat","background-position":"center center","background-size":"auto","background-attachment":"scroll","background-type":"","background-media":"","overlay-type":"","overlay-color":"","overlay-opacity":"","overlay-gradient":""},"tablet":{"background-color":"var(--ast-global-color-5)","background-image":"","background-repeat":"repeat","background-position":"center center","background-size":"auto","background-attachment":"scroll","background-type":"","background-media":"","overlay-type":"","overlay-color":"","overlay-opacity":"","overlay-gradient":""},"mobile":{"background-color":"var(--ast-global-color-5)","background-image":"","background-repeat":"repeat","background-position":"center center","background-size":"auto","background-attachment":"scroll","background-type":"","background-media":"","overlay-type":"","overlay-color":"","overlay-opacity":"","overlay-gradient":""}},"footnotes":""},"categories":[4],"tags":[56,172,43,111],"class_list":["post-16004","post","type-post","status-publish","format-standard","hentry","category-musique","tag-karajan","tag-prokofiev","tag-shostakovich","tag-symphonies"],"_links":{"self":[{"href":"https:\/\/latelierdediablotin.fr\/WordPress3\/wp-json\/wp\/v2\/posts\/16004","targetHints":{"allow":["GET"]}}],"collection":[{"href":"https:\/\/latelierdediablotin.fr\/WordPress3\/wp-json\/wp\/v2\/posts"}],"about":[{"href":"https:\/\/latelierdediablotin.fr\/WordPress3\/wp-json\/wp\/v2\/types\/post"}],"author":[{"embeddable":true,"href":"https:\/\/latelierdediablotin.fr\/WordPress3\/wp-json\/wp\/v2\/users\/667"}],"replies":[{"embeddable":true,"href":"https:\/\/latelierdediablotin.fr\/WordPress3\/wp-json\/wp\/v2\/comments?post=16004"}],"version-history":[{"count":0,"href":"https:\/\/latelierdediablotin.fr\/WordPress3\/wp-json\/wp\/v2\/posts\/16004\/revisions"}],"wp:attachment":[{"href":"https:\/\/latelierdediablotin.fr\/WordPress3\/wp-json\/wp\/v2\/media?parent=16004"}],"wp:term":[{"taxonomy":"category","embeddable":true,"href":"https:\/\/latelierdediablotin.fr\/WordPress3\/wp-json\/wp\/v2\/categories?post=16004"},{"taxonomy":"post_tag","embeddable":true,"href":"https:\/\/latelierdediablotin.fr\/WordPress3\/wp-json\/wp\/v2\/tags?post=16004"}],"curies":[{"name":"wp","href":"https:\/\/api.w.org\/{rel}","templated":true}]}}