{"id":170,"date":"2013-12-28T18:49:06","date_gmt":"2013-12-28T17:49:06","guid":{"rendered":"http:\/\/latelierdediablotin.fr\/WordPress3\/?p=170"},"modified":"2015-11-28T10:51:16","modified_gmt":"2015-11-28T09:51:16","slug":"playlist-dapres-noel","status":"publish","type":"post","link":"https:\/\/latelierdediablotin.fr\/WordPress3\/playlist-dapres-noel\/","title":{"rendered":"Playlist d&rsquo;apr\u00e8s No\u00ebl"},"content":{"rendered":"<p style=\"text-align: justify;\"><a href=\"https:\/\/latelierdediablotin.fr\/WordPress3\/wp-content\/uploads\/2013\/12\/Kara_Weissenberg.png\"><img loading=\"lazy\" decoding=\"async\" class=\"alignright wp-image-171\" src=\"https:\/\/latelierdediablotin.fr\/WordPress3\/wp-content\/uploads\/2013\/12\/Kara_Weissenberg-298x300.png\" alt=\"Kara_Weissenberg\" width=\"238\" height=\"240\" srcset=\"https:\/\/latelierdediablotin.fr\/WordPress3\/wp-content\/uploads\/2013\/12\/Kara_Weissenberg-298x300.png 298w, https:\/\/latelierdediablotin.fr\/WordPress3\/wp-content\/uploads\/2013\/12\/Kara_Weissenberg-150x150.png 150w, https:\/\/latelierdediablotin.fr\/WordPress3\/wp-content\/uploads\/2013\/12\/Kara_Weissenberg-149x150.png 149w, https:\/\/latelierdediablotin.fr\/WordPress3\/wp-content\/uploads\/2013\/12\/Kara_Weissenberg.png 414w\" sizes=\"auto, (max-width: 238px) 100vw, 238px\" \/><\/a>Je profite de mon joli cadeau&#8230;<\/p>\n<p style=\"text-align: justify;\">En vrac et de m\u00e9moire, j&rsquo;ai \u00e9cout\u00e9 : \u2022 avec le <strong>Philharmonia<\/strong> <em>-enregistrement des ann\u00e9es 50-<\/em> \u00a0: la symphonie inachev\u00e9e de Schubert, le concerto pour orchestre de Bartok, la premi\u00e8re symphonie de Brahms, la quatri\u00e8me symphonie de Tcha\u00efkovsky; la Mer de Debussy; la rhapsodie espagnole de Ravel; la Water Music de Handel; \u2022 avec le <strong>philharmonique de Vienne<\/strong> <em>-enregistrements des ann\u00e9es 40-<\/em> : la Path\u00e9thique de Tcha\u00efkovsky; des pi\u00e8ces de Mozart -que je n&rsquo;aime toujours pas plus que \u00e7a&#8230;-; les M\u00e9tamorphoses de Richard Strauss \u2022 avec <strong>l&rsquo;orchestre de Paris<\/strong> <em>-enregistrement du d\u00e9but des ann\u00e9es 70, l&rsquo;orchestre avait \u00e9t\u00e9 r\u00e9cemment cr\u00e9\u00e9 et Karajan en fut le \u00ab\u00a0conseiller artistique\u00a0\u00bb \u00e0 la demande expresse de de Gaulle-<\/em> : la symphonie de Franck; le concerto pour piano de Tcha\u00efkovsky (pianiste : Alexis Weisssenberg), qui fut mon tout premier disque que l&rsquo;on m&rsquo;avait offert pour mes six ans&#8230; Bref, une jolie playlist d&rsquo;apr\u00e8s No\u00ebl !<\/p>\n","protected":false},"excerpt":{"rendered":"<p>Je profite de mon joli cadeau&#8230; En vrac et de m\u00e9moire, j&rsquo;ai \u00e9cout\u00e9 : \u2022 avec le Philharmonia -enregistrement des ann\u00e9es 50- \u00a0: la symphonie inachev\u00e9e de Schubert, le concerto pour orchestre de Bartok, la premi\u00e8re symphonie de Brahms, la quatri\u00e8me symphonie de Tcha\u00efkovsky; la Mer de Debussy; la rhapsodie espagnole de Ravel; la Water [&hellip;]<\/p>\n","protected":false},"author":667,"featured_media":0,"comment_status":"open","ping_status":"closed","sticky":false,"template":"","format":"standard","meta":{"site-sidebar-layout":"default","site-content-layout":"","ast-site-content-layout":"default","site-content-style":"default","site-sidebar-style":"default","ast-global-header-display":"","ast-banner-title-visibility":"","ast-main-header-display":"","ast-hfb-above-header-display":"","ast-hfb-below-header-display":"","ast-hfb-mobile-header-display":"","site-post-title":"","ast-breadcrumbs-content":"","ast-featured-img":"","footer-sml-layout":"","ast-disable-related-posts":"","theme-transparent-header-meta":"","adv-header-id-meta":"","stick-header-meta":"","header-above-stick-meta":"","header-main-stick-meta":"","header-below-stick-meta":"","astra-migrate-meta-layouts":"default","ast-page-background-enabled":"default","ast-page-background-meta":{"desktop":{"background-color":"var(--ast-global-color-4)","background-image":"","background-repeat":"repeat","background-position":"center center","background-size":"auto","background-attachment":"scroll","background-type":"","background-media":"","overlay-type":"","overlay-color":"","overlay-opacity":"","overlay-gradient":""},"tablet":{"background-color":"","background-image":"","background-repeat":"repeat","background-position":"center center","background-size":"auto","background-attachment":"scroll","background-type":"","background-media":"","overlay-type":"","overlay-color":"","overlay-opacity":"","overlay-gradient":""},"mobile":{"background-color":"","background-image":"","background-repeat":"repeat","background-position":"center center","background-size":"auto","background-attachment":"scroll","background-type":"","background-media":"","overlay-type":"","overlay-color":"","overlay-opacity":"","overlay-gradient":""}},"ast-content-background-meta":{"desktop":{"background-color":"var(--ast-global-color-5)","background-image":"","background-repeat":"repeat","background-position":"center center","background-size":"auto","background-attachment":"scroll","background-type":"","background-media":"","overlay-type":"","overlay-color":"","overlay-opacity":"","overlay-gradient":""},"tablet":{"background-color":"var(--ast-global-color-5)","background-image":"","background-repeat":"repeat","background-position":"center center","background-size":"auto","background-attachment":"scroll","background-type":"","background-media":"","overlay-type":"","overlay-color":"","overlay-opacity":"","overlay-gradient":""},"mobile":{"background-color":"var(--ast-global-color-5)","background-image":"","background-repeat":"repeat","background-position":"center center","background-size":"auto","background-attachment":"scroll","background-type":"","background-media":"","overlay-type":"","overlay-color":"","overlay-opacity":"","overlay-gradient":""}},"footnotes":""},"categories":[4],"tags":[68,56,31,63],"class_list":["post-170","post","type-post","status-publish","format-standard","hentry","category-musique","tag-coffret","tag-karajan","tag-ravel","tag-symphonie"],"_links":{"self":[{"href":"https:\/\/latelierdediablotin.fr\/WordPress3\/wp-json\/wp\/v2\/posts\/170","targetHints":{"allow":["GET"]}}],"collection":[{"href":"https:\/\/latelierdediablotin.fr\/WordPress3\/wp-json\/wp\/v2\/posts"}],"about":[{"href":"https:\/\/latelierdediablotin.fr\/WordPress3\/wp-json\/wp\/v2\/types\/post"}],"author":[{"embeddable":true,"href":"https:\/\/latelierdediablotin.fr\/WordPress3\/wp-json\/wp\/v2\/users\/667"}],"replies":[{"embeddable":true,"href":"https:\/\/latelierdediablotin.fr\/WordPress3\/wp-json\/wp\/v2\/comments?post=170"}],"version-history":[{"count":0,"href":"https:\/\/latelierdediablotin.fr\/WordPress3\/wp-json\/wp\/v2\/posts\/170\/revisions"}],"wp:attachment":[{"href":"https:\/\/latelierdediablotin.fr\/WordPress3\/wp-json\/wp\/v2\/media?parent=170"}],"wp:term":[{"taxonomy":"category","embeddable":true,"href":"https:\/\/latelierdediablotin.fr\/WordPress3\/wp-json\/wp\/v2\/categories?post=170"},{"taxonomy":"post_tag","embeddable":true,"href":"https:\/\/latelierdediablotin.fr\/WordPress3\/wp-json\/wp\/v2\/tags?post=170"}],"curies":[{"name":"wp","href":"https:\/\/api.w.org\/{rel}","templated":true}]}}