{"id":18044,"date":"2026-04-26T10:07:26","date_gmt":"2026-04-26T08:07:26","guid":{"rendered":"https:\/\/latelierdediablotin.fr\/WordPress3\/?p=18044"},"modified":"2026-04-26T10:12:27","modified_gmt":"2026-04-26T08:12:27","slug":"dimanche-a-lopera-die-zauberflote-de-wolfgang-a-mozart","status":"publish","type":"post","link":"https:\/\/latelierdediablotin.fr\/WordPress3\/dimanche-a-lopera-die-zauberflote-de-wolfgang-a-mozart\/","title":{"rendered":"Dimanche \u00e0 l&rsquo;op\u00e9ra &#8211; Die Zauberfl\u00f6te, de W. A. Mozart"},"content":{"rendered":"<p style=\"text-align: justify;\"><a href=\"https:\/\/latelierdediablotin.fr\/WordPress3\/wp-content\/uploads\/2026\/04\/Playlist26042026.webp\"><img loading=\"lazy\" decoding=\"async\" class=\"alignright wp-image-18045\" src=\"https:\/\/latelierdediablotin.fr\/WordPress3\/wp-content\/uploads\/2026\/04\/Playlist26042026.webp\" alt=\"\" width=\"400\" height=\"400\" srcset=\"https:\/\/latelierdediablotin.fr\/WordPress3\/wp-content\/uploads\/2026\/04\/Playlist26042026.webp 700w, https:\/\/latelierdediablotin.fr\/WordPress3\/wp-content\/uploads\/2026\/04\/Playlist26042026-300x300.webp 300w, https:\/\/latelierdediablotin.fr\/WordPress3\/wp-content\/uploads\/2026\/04\/Playlist26042026-150x150.webp 150w\" sizes=\"auto, (max-width: 400px) 100vw, 400px\" \/><\/a>En sondant ma discoth\u00e8que, j&rsquo;ai ressorti ce qui devrait constituer mon premier ou l&rsquo;un de mes premiers CD d&rsquo;un op\u00e9ra &#8211;<em>peut-\u00eatre \u00e9tait-ce Carmen, de Georges Bizet, j&rsquo;h\u00e9site entre les deux<\/em>-, achet\u00e9 au tout d\u00e9but de l&rsquo;ann\u00e9e 1985, \u00e0 une \u00e9poque o\u00f9 ce support, en France, \u00e9tait encore balbutiant et o\u00f9 les coffrets lyriques co\u00fbtaient un bras. Il s&rsquo;agit de <strong>\u00ab\u00a0La fl\u00fbte enchant\u00e9e\u00a0\u00bb<\/strong> de <strong>Wolfgang Amadeus Mozart<\/strong>, dans la version enregistr\u00e9e par Colin Davis en 1984 \u00e0 Dresde pour le label Philips.<\/p>\n<blockquote>\n<p style=\"text-align: justify;\"><span style=\"color: #6b6b6b;\"><strong><span style=\"font-size: 11pt;\">A sa sortie, cette version, avec laquelle j&rsquo;ai vraiment appris \u00ab\u00a0La fl\u00fbte enchant\u00e9e\u00a0\u00bb, fut assez favorablement re\u00e7ue en France et tr\u00e8s favorablement accueillie Outre-Rhin et Outre-Manche. Pour ma part, je l&rsquo;avais beaucoup appr\u00e9ci\u00e9e mais elle n&rsquo;avait plus quitt\u00e9 mes \u00e9tag\u00e8res depuis bien longtemps, et l&rsquo;\u00e9couter aujourd&rsquo;hui apr\u00e8s l&rsquo;avoir quasiment oubli\u00e9e et avoir c\u00f4toy\u00e9 l&rsquo;oeuvre dans tant de versions dites \u00ab\u00a0de r\u00e9f\u00e9rence\u00a0\u00bb &#8211;<span style=\"font-size: 10pt;\"><em>au hasard : B\u00f6hm II, Fricsay, Karajan I, , Solti I&#8230;<\/em><\/span>&#8211; et l&rsquo;avoir d\u00e9laiss\u00e9e si longtemps me permet de la red\u00e9couvrir avec des oreilles neuves. &#8211;<em>Cliquer sur l&rsquo;image pour la voir en plus grand<\/em>-.<\/span><\/strong><\/span><\/p>\n<\/blockquote>\n<p style=\"text-align: justify;\">Pour tout ce qui concerne l&rsquo;op\u00e9ra en lui-m\u00eame &#8211;<em>argument et r\u00e9sum\u00e9 de l&rsquo;action, contenu philosophico-\u00e9sot\u00e9rique un peu niais&#8230;<\/em>-, <a href=\"https:\/\/latelierdediablotin.fr\/WordPress3\/dimanche-a-lopera-mozart-die-zauberflote\/\" target=\"_blank\" rel=\"noopener\"><span style=\"text-decoration: underline;\"><strong>je vous renvoie \u00e0 cette notule<\/strong><\/span><\/a>, qui n&rsquo;est pas si ancienne.<br \/>\nLa version de ce jour s&rsquo;inscrit dans une perspective plus philosophique que ludique, sans sacrifier cependant la dimension comique lorsque c&rsquo;est n\u00e9cessaire. Le plus grand reproche que je lui ferai est que les dialogues, tr\u00e8s fournis dans cette version qui plus est, sont dits par des acteurs engag\u00e9s pour l&rsquo;occasion, et non par les chanteurs eux-m\u00eames, exception faite pour le r\u00f4le de Papageno. La pratique avait quasiment disparu dans les ann\u00e9es 80, sauf en Allemagne de l&rsquo;est, o\u00f9 l&rsquo;enregistrement a \u00e9t\u00e9 effectu\u00e9. C&rsquo;est d&rsquo;autant plus dommage, puisqu&rsquo;\u00e0 l&rsquo;exception de la Reine de la nuit, tous les chanteurs sont parfaitement germanophones et auraient pu \u00ab\u00a0dire\u00a0\u00bb leur r\u00f4le et assurer une meilleure continuit\u00e9 dialogue\/chant.<\/p>\n<p style=\"text-align: justify;\">Nonobstant ce reproche, il reste beaucoup de qualit\u00e9s \u00e0 cet album : la Staatskapelle de Dresde est un orchestre merveilleux, et Colin Davis, \u00e0 cette \u00e9poque, le dirigeait tr\u00e8s r\u00e9guli\u00e8rement. Lui-m\u00eame fr\u00e9quentait r\u00e9guli\u00e8rement l&rsquo;oeuvre depuis le milieu des ann\u00e9es 50 et avait fait de Mozart l&rsquo;un de ses compositeurs de pr\u00e9dilection. Il propose des tempi relativement lents, mais habit\u00e9s et sans nuire \u00e0 l&rsquo;action, privil\u00e9giant l&rsquo;aspect m\u00e9ditatif de l&rsquo;op\u00e9ra &#8211;<em>une option encore assez largement r\u00e9pandue \u00e0 l&rsquo;\u00e9poque : il faudra attendre les versions HIP pour que la caract\u00e9re ludique du Singspiel soit totalement assum\u00e9<\/em>-, et mettant en valeur les tr\u00e8s beaux timbres de l&rsquo;orchestre &#8211;<em>magnifiques bois notamment<\/em>-.<br \/>\nTous les chanteurs sont vraiment tr\u00e8s bons dans leur r\u00f4le, avec une mention particuli\u00e8re pour les artistes masculins, tous vraiment excellents et parfaitement investis dans leur r\u00f4le. Personnellement, j&rsquo;aime beaucoup le Papageno de Mikael Melbye, et il est curieux de lire, avec le recul d&rsquo;une quarantaine d&rsquo;ann\u00e9es, les avis contradictoires le concernant : salu\u00e9 comme \u00ab\u00a0sans doute le meilleur Papageno de sa g\u00e9n\u00e9ration\u00a0\u00bb en Angleterre et en Allemagne, il fut plut\u00f4t vilipend\u00e9 par la presse sp\u00e9cialis\u00e9e fran\u00e7aise&#8230;<\/p>\n<p><a href=\"https:\/\/latelierdediablotin.fr\/WordPress3\/wp-content\/uploads\/2026\/04\/Mozart_Flute_042026.webp\"><img loading=\"lazy\" decoding=\"async\" class=\"aligncenter size-full wp-image-18057\" src=\"https:\/\/latelierdediablotin.fr\/WordPress3\/wp-content\/uploads\/2026\/04\/Mozart_Flute_042026.webp\" alt=\"\" width=\"1176\" height=\"412\" srcset=\"https:\/\/latelierdediablotin.fr\/WordPress3\/wp-content\/uploads\/2026\/04\/Mozart_Flute_042026.webp 1176w, https:\/\/latelierdediablotin.fr\/WordPress3\/wp-content\/uploads\/2026\/04\/Mozart_Flute_042026-300x105.webp 300w, https:\/\/latelierdediablotin.fr\/WordPress3\/wp-content\/uploads\/2026\/04\/Mozart_Flute_042026-1024x359.webp 1024w, https:\/\/latelierdediablotin.fr\/WordPress3\/wp-content\/uploads\/2026\/04\/Mozart_Flute_042026-768x269.webp 768w\" sizes=\"auto, (max-width: 1176px) 100vw, 1176px\" \/><\/a><\/p>\n<p>&nbsp;<\/p>\n<audio class=\"wp-audio-shortcode\" id=\"audio-18044-1\" preload=\"none\" style=\"width: 100%;\" controls=\"controls\"><source type=\"audio\/mpeg\" src=\"https:\/\/latelierdediablotin.fr\/WordPress3\/wp-content\/uploads\/2026\/04\/Extrait26042026.mp3?_=1\" \/><a href=\"https:\/\/latelierdediablotin.fr\/WordPress3\/wp-content\/uploads\/2026\/04\/Extrait26042026.mp3\">https:\/\/latelierdediablotin.fr\/WordPress3\/wp-content\/uploads\/2026\/04\/Extrait26042026.mp3<\/a><\/audio>\n<p>&nbsp;<\/p>\n<p style=\"text-align: justify;\"><a href=\"https:\/\/latelierdediablotin.fr\/WordPress3\/wp-content\/uploads\/2024\/10\/LogoPriseDeSonBlog-e1743415482377.png\"><img loading=\"lazy\" decoding=\"async\" class=\"alignleft wp-image-13461\" src=\"https:\/\/latelierdediablotin.fr\/WordPress3\/wp-content\/uploads\/2024\/10\/LogoPriseDeSonBlog-150x150.png\" alt=\"\" width=\"135\" height=\"135\" \/><\/a>Enfin, cet album b\u00e9n\u00e9fice de superbes conditions techniques et d&rsquo;une prise de son \u00e0 la fois large et profonde, la spatialisation contribuant au d\u00e9roulement de l&rsquo;action, de m\u00eame que les quelques bruits ambiants tr\u00e8s bien int\u00e9gr\u00e9s au discours. A cette date encore pr\u00e9coce dans la mise en oeuvre du support CD, les coffrets d&rsquo;op\u00e9ra \u00e9tait par ailleurs accompagn\u00e9s de copieux documents trilingues &#8211;<em>voir quadrilingues<\/em>&#8211; de tr\u00e8s belle qualit\u00e9 : pr\u00e9sentation d\u00e9taill\u00e9e de l&rsquo;oeuvre, livret traduit, iconographie&#8230; Une habitude qui s&rsquo;est malheureusement perdue plus tard.<\/p>\n<p style=\"text-align: center;\"><strong>Heureuses retrouvailles pour cette matin\u00e9e lyrique !<\/strong><\/p>\n","protected":false},"excerpt":{"rendered":"<p>En sondant ma discoth\u00e8que, j&rsquo;ai ressorti ce qui devrait constituer mon premier ou l&rsquo;un de mes premiers CD d&rsquo;un op\u00e9ra &#8211;peut-\u00eatre \u00e9tait-ce Carmen, de Georges Bizet, j&rsquo;h\u00e9site entre les deux-, achet\u00e9 au tout d\u00e9but de l&rsquo;ann\u00e9e 1985, \u00e0 une \u00e9poque o\u00f9 ce support, en France, \u00e9tait encore balbutiant et o\u00f9 les coffrets lyriques co\u00fbtaient un [&hellip;]<\/p>\n","protected":false},"author":667,"featured_media":0,"comment_status":"open","ping_status":"open","sticky":false,"template":"","format":"standard","meta":{"site-sidebar-layout":"default","site-content-layout":"","ast-site-content-layout":"default","site-content-style":"default","site-sidebar-style":"default","ast-global-header-display":"","ast-banner-title-visibility":"","ast-main-header-display":"","ast-hfb-above-header-display":"","ast-hfb-below-header-display":"","ast-hfb-mobile-header-display":"","site-post-title":"","ast-breadcrumbs-content":"","ast-featured-img":"","footer-sml-layout":"","ast-disable-related-posts":"","theme-transparent-header-meta":"default","adv-header-id-meta":"","stick-header-meta":"","header-above-stick-meta":"","header-main-stick-meta":"","header-below-stick-meta":"","astra-migrate-meta-layouts":"set","ast-page-background-enabled":"default","ast-page-background-meta":{"desktop":{"background-color":"var(--ast-global-color-4)","background-image":"","background-repeat":"repeat","background-position":"center center","background-size":"auto","background-attachment":"scroll","background-type":"","background-media":"","overlay-type":"","overlay-color":"","overlay-opacity":"","overlay-gradient":""},"tablet":{"background-color":"","background-image":"","background-repeat":"repeat","background-position":"center center","background-size":"auto","background-attachment":"scroll","background-type":"","background-media":"","overlay-type":"","overlay-color":"","overlay-opacity":"","overlay-gradient":""},"mobile":{"background-color":"","background-image":"","background-repeat":"repeat","background-position":"center center","background-size":"auto","background-attachment":"scroll","background-type":"","background-media":"","overlay-type":"","overlay-color":"","overlay-opacity":"","overlay-gradient":""}},"ast-content-background-meta":{"desktop":{"background-color":"var(--ast-global-color-5)","background-image":"","background-repeat":"repeat","background-position":"center center","background-size":"auto","background-attachment":"scroll","background-type":"","background-media":"","overlay-type":"","overlay-color":"","overlay-opacity":"","overlay-gradient":""},"tablet":{"background-color":"var(--ast-global-color-5)","background-image":"","background-repeat":"repeat","background-position":"center center","background-size":"auto","background-attachment":"scroll","background-type":"","background-media":"","overlay-type":"","overlay-color":"","overlay-opacity":"","overlay-gradient":""},"mobile":{"background-color":"var(--ast-global-color-5)","background-image":"","background-repeat":"repeat","background-position":"center center","background-size":"auto","background-attachment":"scroll","background-type":"","background-media":"","overlay-type":"","overlay-color":"","overlay-opacity":"","overlay-gradient":""}},"footnotes":""},"categories":[295],"tags":[95],"class_list":["post-18044","post","type-post","status-publish","format-standard","hentry","category-dimanche-a-lopera","tag-mozart"],"_links":{"self":[{"href":"https:\/\/latelierdediablotin.fr\/WordPress3\/wp-json\/wp\/v2\/posts\/18044","targetHints":{"allow":["GET"]}}],"collection":[{"href":"https:\/\/latelierdediablotin.fr\/WordPress3\/wp-json\/wp\/v2\/posts"}],"about":[{"href":"https:\/\/latelierdediablotin.fr\/WordPress3\/wp-json\/wp\/v2\/types\/post"}],"author":[{"embeddable":true,"href":"https:\/\/latelierdediablotin.fr\/WordPress3\/wp-json\/wp\/v2\/users\/667"}],"replies":[{"embeddable":true,"href":"https:\/\/latelierdediablotin.fr\/WordPress3\/wp-json\/wp\/v2\/comments?post=18044"}],"version-history":[{"count":0,"href":"https:\/\/latelierdediablotin.fr\/WordPress3\/wp-json\/wp\/v2\/posts\/18044\/revisions"}],"wp:attachment":[{"href":"https:\/\/latelierdediablotin.fr\/WordPress3\/wp-json\/wp\/v2\/media?parent=18044"}],"wp:term":[{"taxonomy":"category","embeddable":true,"href":"https:\/\/latelierdediablotin.fr\/WordPress3\/wp-json\/wp\/v2\/categories?post=18044"},{"taxonomy":"post_tag","embeddable":true,"href":"https:\/\/latelierdediablotin.fr\/WordPress3\/wp-json\/wp\/v2\/tags?post=18044"}],"curies":[{"name":"wp","href":"https:\/\/api.w.org\/{rel}","templated":true}]}}