{"id":3710,"date":"2016-02-08T09:02:22","date_gmt":"2016-02-08T08:02:22","guid":{"rendered":"http:\/\/latelierdediablotin.fr\/WordPress3\/?p=3710"},"modified":"2016-02-08T09:07:45","modified_gmt":"2016-02-08T08:07:45","slug":"playlist-en-bleu-blanc-rouge","status":"publish","type":"post","link":"https:\/\/latelierdediablotin.fr\/WordPress3\/playlist-en-bleu-blanc-rouge\/","title":{"rendered":"Playlist en bleu-blanc-rouge"},"content":{"rendered":"<p style=\"text-align: justify;\">C&rsquo;\u00e9tait hier, et la m\u00e9t\u00e9o \u00e9tait m\u00e9diocre ! Elle ne s&rsquo;est pas am\u00e9lior\u00e9e aujourd&rsquo;hui, cela dit ! Sur ma lanc\u00e9e des \u00e9coutes consacr\u00e9es \u00e0 Erik Satie en d\u00e9but de semaine, j&rsquo;ai prolong\u00e9 cette ambiance avec cette playlist tr\u00e8s agr\u00e9able &#8211;<em>cliquer sur l&rsquo;image pour la voir en plus grand<\/em>-.<\/p>\n<p><a href=\"https:\/\/latelierdediablotin.fr\/WordPress3\/wp-content\/uploads\/2016\/02\/Playlist07022016.jpg\" rel=\"attachment wp-att-3711\"><img loading=\"lazy\" decoding=\"async\" class=\"aligncenter wp-image-3711\" src=\"https:\/\/latelierdediablotin.fr\/WordPress3\/wp-content\/uploads\/2016\/02\/Playlist07022016.jpg\" alt=\"Playlist07022016\" width=\"750\" height=\"200\" srcset=\"https:\/\/latelierdediablotin.fr\/WordPress3\/wp-content\/uploads\/2016\/02\/Playlist07022016.jpg 1519w, https:\/\/latelierdediablotin.fr\/WordPress3\/wp-content\/uploads\/2016\/02\/Playlist07022016-300x80.jpg 300w, https:\/\/latelierdediablotin.fr\/WordPress3\/wp-content\/uploads\/2016\/02\/Playlist07022016-768x205.jpg 768w, https:\/\/latelierdediablotin.fr\/WordPress3\/wp-content\/uploads\/2016\/02\/Playlist07022016-1024x273.jpg 1024w\" sizes=\"auto, (max-width: 750px) 100vw, 750px\" \/><\/a><\/p>\n<p style=\"text-align: justify;\">Beaucoup de Ravel, donc, et un peu de Debussy, que j&rsquo;appr\u00e9cie moins que son presque contemporain. En \u00e9coutant les deux albums de Pascal Rog\u00e9, je me suis demand\u00e9 pourquoi cet excellent pianiste menait une carri\u00e8re m\u00e9diatique aussi confidentielle : c&rsquo;est, \u00e0 mon avis, tr\u00e8s sup\u00e9rieur, dans ce r\u00e9pertoire, \u00e0 la star des pianistes fran\u00e7ais du moment&#8230;<br \/>\nLe disque de Karajan a fait un triomphe en Angleterre et en Allemagne &#8211;<em>et continue \u00e0 y jouir d&rsquo;une r\u00e9putation fort enviable<\/em>-. C&rsquo;est moins la cas en France, semble-t-il, o\u00f9 l&rsquo;on semble pr\u00e9f\u00e9rer une \u00ab\u00a0ligne plus claire\u00a0\u00bb. C&rsquo;est en tout cas d&rsquo;une beaut\u00e9 de lignes et de timbres assez remarquable !<\/p>\n","protected":false},"excerpt":{"rendered":"<p>C&rsquo;\u00e9tait hier, et la m\u00e9t\u00e9o \u00e9tait m\u00e9diocre ! Elle ne s&rsquo;est pas am\u00e9lior\u00e9e aujourd&rsquo;hui, cela dit ! Sur ma lanc\u00e9e des \u00e9coutes consacr\u00e9es \u00e0 Erik Satie en d\u00e9but de semaine, j&rsquo;ai prolong\u00e9 cette ambiance avec cette playlist tr\u00e8s agr\u00e9able &#8211;cliquer sur l&rsquo;image pour la voir en plus grand-. Beaucoup de Ravel, donc, et un peu [&hellip;]<\/p>\n","protected":false},"author":667,"featured_media":0,"comment_status":"open","ping_status":"closed","sticky":false,"template":"","format":"standard","meta":{"site-sidebar-layout":"default","site-content-layout":"","ast-site-content-layout":"default","site-content-style":"default","site-sidebar-style":"default","ast-global-header-display":"","ast-banner-title-visibility":"","ast-main-header-display":"","ast-hfb-above-header-display":"","ast-hfb-below-header-display":"","ast-hfb-mobile-header-display":"","site-post-title":"","ast-breadcrumbs-content":"","ast-featured-img":"","footer-sml-layout":"","ast-disable-related-posts":"","theme-transparent-header-meta":"","adv-header-id-meta":"","stick-header-meta":"","header-above-stick-meta":"","header-main-stick-meta":"","header-below-stick-meta":"","astra-migrate-meta-layouts":"default","ast-page-background-enabled":"default","ast-page-background-meta":{"desktop":{"background-color":"var(--ast-global-color-4)","background-image":"","background-repeat":"repeat","background-position":"center center","background-size":"auto","background-attachment":"scroll","background-type":"","background-media":"","overlay-type":"","overlay-color":"","overlay-opacity":"","overlay-gradient":""},"tablet":{"background-color":"","background-image":"","background-repeat":"repeat","background-position":"center center","background-size":"auto","background-attachment":"scroll","background-type":"","background-media":"","overlay-type":"","overlay-color":"","overlay-opacity":"","overlay-gradient":""},"mobile":{"background-color":"","background-image":"","background-repeat":"repeat","background-position":"center center","background-size":"auto","background-attachment":"scroll","background-type":"","background-media":"","overlay-type":"","overlay-color":"","overlay-opacity":"","overlay-gradient":""}},"ast-content-background-meta":{"desktop":{"background-color":"var(--ast-global-color-5)","background-image":"","background-repeat":"repeat","background-position":"center center","background-size":"auto","background-attachment":"scroll","background-type":"","background-media":"","overlay-type":"","overlay-color":"","overlay-opacity":"","overlay-gradient":""},"tablet":{"background-color":"var(--ast-global-color-5)","background-image":"","background-repeat":"repeat","background-position":"center center","background-size":"auto","background-attachment":"scroll","background-type":"","background-media":"","overlay-type":"","overlay-color":"","overlay-opacity":"","overlay-gradient":""},"mobile":{"background-color":"var(--ast-global-color-5)","background-image":"","background-repeat":"repeat","background-position":"center center","background-size":"auto","background-attachment":"scroll","background-type":"","background-media":"","overlay-type":"","overlay-color":"","overlay-opacity":"","overlay-gradient":""}},"footnotes":""},"categories":[2,5],"tags":[109,77,31],"class_list":["post-3710","post","type-post","status-publish","format-standard","hentry","category-au-jour-le-jour","category-lecture","tag-debussy","tag-piano","tag-ravel"],"_links":{"self":[{"href":"https:\/\/latelierdediablotin.fr\/WordPress3\/wp-json\/wp\/v2\/posts\/3710","targetHints":{"allow":["GET"]}}],"collection":[{"href":"https:\/\/latelierdediablotin.fr\/WordPress3\/wp-json\/wp\/v2\/posts"}],"about":[{"href":"https:\/\/latelierdediablotin.fr\/WordPress3\/wp-json\/wp\/v2\/types\/post"}],"author":[{"embeddable":true,"href":"https:\/\/latelierdediablotin.fr\/WordPress3\/wp-json\/wp\/v2\/users\/667"}],"replies":[{"embeddable":true,"href":"https:\/\/latelierdediablotin.fr\/WordPress3\/wp-json\/wp\/v2\/comments?post=3710"}],"version-history":[{"count":0,"href":"https:\/\/latelierdediablotin.fr\/WordPress3\/wp-json\/wp\/v2\/posts\/3710\/revisions"}],"wp:attachment":[{"href":"https:\/\/latelierdediablotin.fr\/WordPress3\/wp-json\/wp\/v2\/media?parent=3710"}],"wp:term":[{"taxonomy":"category","embeddable":true,"href":"https:\/\/latelierdediablotin.fr\/WordPress3\/wp-json\/wp\/v2\/categories?post=3710"},{"taxonomy":"post_tag","embeddable":true,"href":"https:\/\/latelierdediablotin.fr\/WordPress3\/wp-json\/wp\/v2\/tags?post=3710"}],"curies":[{"name":"wp","href":"https:\/\/api.w.org\/{rel}","templated":true}]}}