{"id":3765,"date":"2016-02-14T08:39:15","date_gmt":"2016-02-14T07:39:15","guid":{"rendered":"http:\/\/latelierdediablotin.fr\/WordPress3\/?p=3765"},"modified":"2016-02-14T08:41:09","modified_gmt":"2016-02-14T07:41:09","slug":"projet-avorte","status":"publish","type":"post","link":"https:\/\/latelierdediablotin.fr\/WordPress3\/projet-avorte\/","title":{"rendered":"Projet avort\u00e9"},"content":{"rendered":"<p style=\"text-align: justify;\"><a href=\"https:\/\/latelierdediablotin.fr\/WordPress3\/wp-content\/uploads\/2016\/02\/ChabrierEtoile.jpg\" rel=\"attachment wp-att-3766\"><img loading=\"lazy\" decoding=\"async\" class=\"alignright size-medium wp-image-3766\" src=\"https:\/\/latelierdediablotin.fr\/WordPress3\/wp-content\/uploads\/2016\/02\/ChabrierEtoile-192x300.jpg\" alt=\"ChabrierEtoile\" width=\"192\" height=\"300\" srcset=\"https:\/\/latelierdediablotin.fr\/WordPress3\/wp-content\/uploads\/2016\/02\/ChabrierEtoile-192x300.jpg 192w, https:\/\/latelierdediablotin.fr\/WordPress3\/wp-content\/uploads\/2016\/02\/ChabrierEtoile.jpg 439w\" sizes=\"auto, (max-width: 192px) 100vw, 192px\" \/><\/a>Hier soir, je suis all\u00e9 voir le programme de Covent Garden, au cas o\u00f9 &#8211;<em>cliquer sur l&rsquo;imagette pour voir \u00e0 quoi ressemble cette institution<\/em>-&#8230; Malheureusement pour moi, ils y donneront, la semaine prochaine \u00ab\u00a0L\u2019\u00e9toile\u00a0\u00bb d\u2019Emmanuel Chabrier. Il s\u2019agit d\u2019un op\u00e9ra-bouffe l\u00e9ger et dr\u00f4le \u00e0 souhait, bien dans l\u2019esprit un peu loufoque de ce temps. &#8211;<i>Cliquer sur l\u2019image pour voir l\u2019affiche de la premi\u00e8re<\/i>-.<\/p>\n<p style=\"text-align: justify;\"><a href=\"https:\/\/latelierdediablotin.fr\/WordPress3\/wp-content\/uploads\/2016\/02\/CGOpera.jpg\" rel=\"attachment wp-att-3768\"><img loading=\"lazy\" decoding=\"async\" class=\"alignleft size-thumbnail wp-image-3768\" src=\"https:\/\/latelierdediablotin.fr\/WordPress3\/wp-content\/uploads\/2016\/02\/CGOpera-150x150.jpg\" alt=\"CGOpera\" width=\"150\" height=\"150\" \/><\/a>L\u2019argument en est assez simple : \u00ab\u00a0<i>\u00c0 chacun de ses anniversaires, le roi Ouf Ier a pour tradition d\u2019offrir \u00e0 son peuple le r\u00e9jouissant spectacle de l\u2019empalement d\u2019un sujet rebelle. Il rencontre un colporteur, Lazuli, qui par d\u00e9ception amoureuse finit par donner une gifle au roi. On pr\u00e9pare l\u2019ex\u00e9cution qui sera annul\u00e9e, car selon l\u2019astrologue la mort de l\u2019un sera suivie par celle de l\u2019autre, les deux \u00e9tant li\u00e9s par la m\u00eame \u00e9toile\u00a0<\/i>\u00bb. <strong><span style=\"text-decoration: underline;\"><a href=\"http:\/\/www.deezer.com\/album\/312146\" target=\"_blank\">L\u2019op\u00e9ra est par ailleurs en \u00e9coute int\u00e9grale sur Deezer, dans une jolie version.<\/a><\/span><\/strong><\/p>\n<p style=\"text-align: justify;\">Cependant, l\u2019ayant d\u00e9j\u00e0 vu deux fois ici &#8211;<i>dont une fois avec deux des trois nains, alors \u00e2g\u00e9s de 11 et 14 ans, qui avaient beaucoup appr\u00e9ci\u00e9 le spectacle, ce qui donne une id\u00e9e du caract\u00e8re aimable et plaisant de la chose<\/i>-, et sachant que l\u2019oeuvre r\u00e9clame un \u00ab\u00a0esprit fran\u00e7ais\u00a0\u00bb et une diction parfaite dans notre langue &#8211;<i>les dialogues sont d\u2019une jolie verve et pleins de double-sens qui, justement, ne font pas toujours sens pour un non-francophone<\/i>-, je ne pense pas assister \u00e0 une troisi\u00e8me repr\u00e9sentation\u2026 Ce serait dr\u00f4le, pourtant, d\u2019aller \u00e9couter un op\u00e9ra chant\u00e9 en fran\u00e7ais et de lire sur le sous-titreur les traductions anglaises \ud83d\ude00 !<\/p>\n<p style=\"text-align: justify;\">Eventuellement, le lieu restera un attrait touristique des plus avenants !<\/p>\n","protected":false},"excerpt":{"rendered":"<p>Hier soir, je suis all\u00e9 voir le programme de Covent Garden, au cas o\u00f9 &#8211;cliquer sur l&rsquo;imagette pour voir \u00e0 quoi ressemble cette institution-&#8230; Malheureusement pour moi, ils y donneront, la semaine prochaine \u00ab\u00a0L\u2019\u00e9toile\u00a0\u00bb d\u2019Emmanuel Chabrier. Il s\u2019agit d\u2019un op\u00e9ra-bouffe l\u00e9ger et dr\u00f4le \u00e0 souhait, bien dans l\u2019esprit un peu loufoque de ce temps. &#8211;Cliquer [&hellip;]<\/p>\n","protected":false},"author":667,"featured_media":0,"comment_status":"open","ping_status":"closed","sticky":false,"template":"","format":"standard","meta":{"site-sidebar-layout":"default","site-content-layout":"","ast-site-content-layout":"default","site-content-style":"default","site-sidebar-style":"default","ast-global-header-display":"","ast-banner-title-visibility":"","ast-main-header-display":"","ast-hfb-above-header-display":"","ast-hfb-below-header-display":"","ast-hfb-mobile-header-display":"","site-post-title":"","ast-breadcrumbs-content":"","ast-featured-img":"","footer-sml-layout":"","ast-disable-related-posts":"","theme-transparent-header-meta":"","adv-header-id-meta":"","stick-header-meta":"","header-above-stick-meta":"","header-main-stick-meta":"","header-below-stick-meta":"","astra-migrate-meta-layouts":"default","ast-page-background-enabled":"default","ast-page-background-meta":{"desktop":{"background-color":"var(--ast-global-color-4)","background-image":"","background-repeat":"repeat","background-position":"center center","background-size":"auto","background-attachment":"scroll","background-type":"","background-media":"","overlay-type":"","overlay-color":"","overlay-opacity":"","overlay-gradient":""},"tablet":{"background-color":"","background-image":"","background-repeat":"repeat","background-position":"center center","background-size":"auto","background-attachment":"scroll","background-type":"","background-media":"","overlay-type":"","overlay-color":"","overlay-opacity":"","overlay-gradient":""},"mobile":{"background-color":"","background-image":"","background-repeat":"repeat","background-position":"center center","background-size":"auto","background-attachment":"scroll","background-type":"","background-media":"","overlay-type":"","overlay-color":"","overlay-opacity":"","overlay-gradient":""}},"ast-content-background-meta":{"desktop":{"background-color":"var(--ast-global-color-5)","background-image":"","background-repeat":"repeat","background-position":"center center","background-size":"auto","background-attachment":"scroll","background-type":"","background-media":"","overlay-type":"","overlay-color":"","overlay-opacity":"","overlay-gradient":""},"tablet":{"background-color":"var(--ast-global-color-5)","background-image":"","background-repeat":"repeat","background-position":"center center","background-size":"auto","background-attachment":"scroll","background-type":"","background-media":"","overlay-type":"","overlay-color":"","overlay-opacity":"","overlay-gradient":""},"mobile":{"background-color":"var(--ast-global-color-5)","background-image":"","background-repeat":"repeat","background-position":"center center","background-size":"auto","background-attachment":"scroll","background-type":"","background-media":"","overlay-type":"","overlay-color":"","overlay-opacity":"","overlay-gradient":""}},"footnotes":""},"categories":[2,4],"tags":[67,94],"class_list":["post-3765","post","type-post","status-publish","format-standard","hentry","category-au-jour-le-jour","category-musique","tag-opera","tag-vacances"],"_links":{"self":[{"href":"https:\/\/latelierdediablotin.fr\/WordPress3\/wp-json\/wp\/v2\/posts\/3765","targetHints":{"allow":["GET"]}}],"collection":[{"href":"https:\/\/latelierdediablotin.fr\/WordPress3\/wp-json\/wp\/v2\/posts"}],"about":[{"href":"https:\/\/latelierdediablotin.fr\/WordPress3\/wp-json\/wp\/v2\/types\/post"}],"author":[{"embeddable":true,"href":"https:\/\/latelierdediablotin.fr\/WordPress3\/wp-json\/wp\/v2\/users\/667"}],"replies":[{"embeddable":true,"href":"https:\/\/latelierdediablotin.fr\/WordPress3\/wp-json\/wp\/v2\/comments?post=3765"}],"version-history":[{"count":0,"href":"https:\/\/latelierdediablotin.fr\/WordPress3\/wp-json\/wp\/v2\/posts\/3765\/revisions"}],"wp:attachment":[{"href":"https:\/\/latelierdediablotin.fr\/WordPress3\/wp-json\/wp\/v2\/media?parent=3765"}],"wp:term":[{"taxonomy":"category","embeddable":true,"href":"https:\/\/latelierdediablotin.fr\/WordPress3\/wp-json\/wp\/v2\/categories?post=3765"},{"taxonomy":"post_tag","embeddable":true,"href":"https:\/\/latelierdediablotin.fr\/WordPress3\/wp-json\/wp\/v2\/tags?post=3765"}],"curies":[{"name":"wp","href":"https:\/\/api.w.org\/{rel}","templated":true}]}}