{"id":4487,"date":"2016-07-20T09:12:40","date_gmt":"2016-07-20T07:12:40","guid":{"rendered":"http:\/\/latelierdediablotin.fr\/WordPress3\/?p=4487"},"modified":"2016-07-20T09:43:10","modified_gmt":"2016-07-20T07:43:10","slug":"playlist-belles-raretes","status":"publish","type":"post","link":"https:\/\/latelierdediablotin.fr\/WordPress3\/playlist-belles-raretes\/","title":{"rendered":"Playlist belles raret\u00e9s"},"content":{"rendered":"<p style=\"text-align: justify;\">La playlist de ce jour, qui vise \u00e0 affronter une petite canicule qui semble s\u2019installer depuis quelques jours, est consacr\u00e9e \u00e0 des oeuvres d\u2019une relative raret\u00e9, et qui n\u2019ont pas vraiment int\u00e9gr\u00e9 le grand r\u00e9pertoire, non parce qu\u2019elles manqueraient de qualit\u00e9s intrins\u00e8ques, bien au contraire, mais plut\u00f4t pour plein d\u2019autres bonnes ou moins bonnes raisons. &#8211;<em>Cliquer sur l\u2019image pour la voir en plus grand<\/em>-.<\/p>\n<p style=\"text-align: justify;\"><a href=\"https:\/\/latelierdediablotin.fr\/WordPress3\/wp-content\/uploads\/2016\/07\/Playlist20072016.jpg\"><img loading=\"lazy\" decoding=\"async\" class=\"aligncenter wp-image-4488\" src=\"https:\/\/latelierdediablotin.fr\/WordPress3\/wp-content\/uploads\/2016\/07\/Playlist20072016.jpg\" alt=\"Playlist20072016\" width=\"750\" height=\"198\" srcset=\"https:\/\/latelierdediablotin.fr\/WordPress3\/wp-content\/uploads\/2016\/07\/Playlist20072016.jpg 1494w, https:\/\/latelierdediablotin.fr\/WordPress3\/wp-content\/uploads\/2016\/07\/Playlist20072016-300x79.jpg 300w, https:\/\/latelierdediablotin.fr\/WordPress3\/wp-content\/uploads\/2016\/07\/Playlist20072016-768x203.jpg 768w, https:\/\/latelierdediablotin.fr\/WordPress3\/wp-content\/uploads\/2016\/07\/Playlist20072016-1024x271.jpg 1024w\" sizes=\"auto, (max-width: 750px) 100vw, 750px\" \/><\/a><br \/>\n<span style=\"text-decoration: underline;\"><strong>Jean-F\u00e9ry REBEL<\/strong><\/span>\u00a0(1666 &#8211; 1747) a quasiment disparu des radars de la musicologie pendant des si\u00e8cles, et a b\u00e9n\u00e9fici\u00e9 d\u2019une red\u00e9couverte assez tardive, et essentiellement gr\u00e2ce \u00e0 cette oeuvre, all\u00e9gorie en musique de la cr\u00e9ation du monde : \u00ab\u00a0Les \u00e9l\u00e9mens\u00a0\u00bb, <a href=\"https:\/\/latelierdediablotin.fr\/WordPress3\/2014\/12\/une-autre-solution\/\" target=\"_blank\"><span style=\"text-decoration: underline;\"><strong>dont je vous avais d\u00e9j\u00e0 fait \u00e9couter un extrait ici<\/strong><\/span><\/a> il y a quelques temps. Tr\u00e8s belle expression d\u2019une certaine id\u00e9e du classicisme fran\u00e7ais !<\/p>\n<p style=\"text-align: justify;\"><a href=\"https:\/\/latelierdediablotin.fr\/WordPress3\/wp-content\/uploads\/2016\/07\/HRott.jpg\"><img loading=\"lazy\" decoding=\"async\" class=\"alignright size-medium wp-image-4493\" src=\"https:\/\/latelierdediablotin.fr\/WordPress3\/wp-content\/uploads\/2016\/07\/HRott-197x300.jpg\" alt=\"HRott\" width=\"197\" height=\"300\" srcset=\"https:\/\/latelierdediablotin.fr\/WordPress3\/wp-content\/uploads\/2016\/07\/HRott-197x300.jpg 197w, https:\/\/latelierdediablotin.fr\/WordPress3\/wp-content\/uploads\/2016\/07\/HRott.jpg 315w\" sizes=\"auto, (max-width: 197px) 100vw, 197px\" \/><\/a>Les trois autres disques sont consacr\u00e9s \u00e0 des musiciens bien plus r\u00e9cents, \u00e0 cheval entre les 19\u00e8me et 20\u00e8me si\u00e8cles. <span style=\"text-decoration: underline;\"><strong>Hans ROTT<\/strong><\/span> (1858 &#8211; 1884), compositeur autrichien prometteur, mourut trop jeune &#8211;<em>25 ans, mais il n\u2019\u00e9crivit plus aucune note de musique apr\u00e8s ses 20 ans, puisqu\u2019il fut intern\u00e9 \u00e0 cette date suite \u00e0 une crise de d\u00e9mence dans un train<\/em>&#8211; pour entrer dans l\u2019histoire. Il ne passa donc pas \u00e0 la prosp\u00e9rit\u00e9 et fut red\u00e9couvert au milieu des ann\u00e9es 80 seulement.<br \/>\nSa symphonie n\u2019en demeure pas moins magnifique &#8211;<em>l\u2019une des plus belles du r\u00e9pertoire de cette \u00e9poque, qui en compte pourtant de remarquables, de Brahms \u00e0 Bruckner, voire au jeune Mahler\u2026<\/em>&#8211; et m\u00e9rite largement une \u00e9coute attentive ! Ce que je n\u2019avais plus fait depuis longtemps, mal m\u2019en a pris : tout y est r\u00e9ussi, du d\u00e9but \u00e0 la fin, et l\u2019on ne saurait en d\u00e9gager un moment plus qu\u2019un autre, tant on est constamment au plus haut niveau ! &#8211;<em>Cliquer sur l\u2019extrait ci-dessous pour en juger par vous-m\u00eame<\/em>-.<\/p>\n<audio class=\"wp-audio-shortcode\" id=\"audio-4487-1\" preload=\"none\" style=\"width: 100%;\" controls=\"controls\"><source type=\"audio\/mpeg\" src=\"https:\/\/latelierdediablotin.fr\/WordPress3\/wp-content\/uploads\/2016\/07\/01-Sinfonie-in-E-Dur-I.-Alla-breve.mp3?_=1\" \/><a href=\"https:\/\/latelierdediablotin.fr\/WordPress3\/wp-content\/uploads\/2016\/07\/01-Sinfonie-in-E-Dur-I.-Alla-breve.mp3\">https:\/\/latelierdediablotin.fr\/WordPress3\/wp-content\/uploads\/2016\/07\/01-Sinfonie-in-E-Dur-I.-Alla-breve.mp3<\/a><\/audio>\n<p style=\"text-align: justify;\"><strong><a style=\"text-decoration: underline;\" href=\"https:\/\/latelierdediablotin.fr\/WordPress3\/wp-content\/uploads\/2016\/07\/LMadetoja.jpg\"><img loading=\"lazy\" decoding=\"async\" class=\"alignleft size-thumbnail wp-image-4496\" src=\"https:\/\/latelierdediablotin.fr\/WordPress3\/wp-content\/uploads\/2016\/07\/LMadetoja-150x150.jpg\" alt=\"LMadetoja\" width=\"150\" height=\"150\" srcset=\"https:\/\/latelierdediablotin.fr\/WordPress3\/wp-content\/uploads\/2016\/07\/LMadetoja-150x150.jpg 150w, https:\/\/latelierdediablotin.fr\/WordPress3\/wp-content\/uploads\/2016\/07\/LMadetoja.jpg 288w\" sizes=\"auto, (max-width: 150px) 100vw, 150px\" \/><\/a><u>Leevi\u00a0MADETOJA<\/u><\/strong> (1887 &#8211; 1947)<strong><u>,<\/u><\/strong> compositeur finlandais, b\u00e9n\u00e9ficie d\u2019un d\u00e9but de reconnaissance tardif.<br \/>\nFinlandais, \u00e9l\u00e8ve de Sibelius dont il demeure dans l&rsquo;ombre bien qu&rsquo;il partage avec lui les m\u00eames sources d&rsquo;inspiration, il a compos\u00e9 une oeuvre orchestrale assez limit\u00e9e &#8211;<em>l\u2019ensemble tient sur quatre CD<\/em>-, qui reste tonale mais de qualit\u00e9 constante et d\u2019\u00e9coute agr\u00e9able.<\/p>\n<p style=\"text-align: justify;\"><a href=\"https:\/\/latelierdediablotin.fr\/WordPress3\/wp-content\/uploads\/2016\/07\/Zemlinsky.jpg\"><img loading=\"lazy\" decoding=\"async\" class=\"size-thumbnail wp-image-4497 alignright\" src=\"https:\/\/latelierdediablotin.fr\/WordPress3\/wp-content\/uploads\/2016\/07\/Zemlinsky-150x150.jpg\" alt=\"Zemlinsky\" width=\"150\" height=\"150\" srcset=\"https:\/\/latelierdediablotin.fr\/WordPress3\/wp-content\/uploads\/2016\/07\/Zemlinsky-150x150.jpg 150w, https:\/\/latelierdediablotin.fr\/WordPress3\/wp-content\/uploads\/2016\/07\/Zemlinsky.jpg 207w\" sizes=\"auto, (max-width: 150px) 100vw, 150px\" \/><\/a>Le plus connu des quatre &#8211;<em>tout est relatif<\/em>&#8211; est sans doute son presqu&rsquo;exact contemporain\u00a0<span style=\"text-decoration: underline;\"><strong>Alexander Von ZEMLINSKY<\/strong><\/span> (1871 &#8211; 1942), musicien viennois et grand p\u00e9dagogue.<br \/>\nAyant fr\u00e9quent\u00e9 la seconde \u00e9cole de Vienne, il ne s\u2019inscrivit pas, cependant, dans les traces de Sch\u00f6nberg, Berg ou Webern, pr\u00e9f\u00e9rant poursuivre dans une\u00a0veine expressionniste post-mahl\u00e9rienne.<\/p>\n<p style=\"text-align: justify;\"><strong>Vraiment, une tr\u00e8s belle playlist<\/strong> ! Le fait de la red\u00e9couverte tardive de ces musiciens implique, par ailleurs des choix \u00e9ditoriaux plut\u00f4t ambitieux et d\u2019excellentes prises de son : tant qu\u2019\u00e0 proposer du rare, autant le faire le mieux possible, non ?<\/p>\n","protected":false},"excerpt":{"rendered":"<p>La playlist de ce jour, qui vise \u00e0 affronter une petite canicule qui semble s\u2019installer depuis quelques jours, est consacr\u00e9e \u00e0 des oeuvres d\u2019une relative raret\u00e9, et qui n\u2019ont pas vraiment int\u00e9gr\u00e9 le grand r\u00e9pertoire, non parce qu\u2019elles manqueraient de qualit\u00e9s intrins\u00e8ques, bien au contraire, mais plut\u00f4t pour plein d\u2019autres bonnes ou moins bonnes raisons. [&hellip;]<\/p>\n","protected":false},"author":667,"featured_media":0,"comment_status":"open","ping_status":"closed","sticky":false,"template":"","format":"standard","meta":{"site-sidebar-layout":"default","site-content-layout":"","ast-site-content-layout":"default","site-content-style":"default","site-sidebar-style":"default","ast-global-header-display":"","ast-banner-title-visibility":"","ast-main-header-display":"","ast-hfb-above-header-display":"","ast-hfb-below-header-display":"","ast-hfb-mobile-header-display":"","site-post-title":"","ast-breadcrumbs-content":"","ast-featured-img":"","footer-sml-layout":"","ast-disable-related-posts":"","theme-transparent-header-meta":"","adv-header-id-meta":"","stick-header-meta":"","header-above-stick-meta":"","header-main-stick-meta":"","header-below-stick-meta":"","astra-migrate-meta-layouts":"default","ast-page-background-enabled":"default","ast-page-background-meta":{"desktop":{"background-color":"var(--ast-global-color-4)","background-image":"","background-repeat":"repeat","background-position":"center center","background-size":"auto","background-attachment":"scroll","background-type":"","background-media":"","overlay-type":"","overlay-color":"","overlay-opacity":"","overlay-gradient":""},"tablet":{"background-color":"","background-image":"","background-repeat":"repeat","background-position":"center center","background-size":"auto","background-attachment":"scroll","background-type":"","background-media":"","overlay-type":"","overlay-color":"","overlay-opacity":"","overlay-gradient":""},"mobile":{"background-color":"","background-image":"","background-repeat":"repeat","background-position":"center center","background-size":"auto","background-attachment":"scroll","background-type":"","background-media":"","overlay-type":"","overlay-color":"","overlay-opacity":"","overlay-gradient":""}},"ast-content-background-meta":{"desktop":{"background-color":"var(--ast-global-color-5)","background-image":"","background-repeat":"repeat","background-position":"center center","background-size":"auto","background-attachment":"scroll","background-type":"","background-media":"","overlay-type":"","overlay-color":"","overlay-opacity":"","overlay-gradient":""},"tablet":{"background-color":"var(--ast-global-color-5)","background-image":"","background-repeat":"repeat","background-position":"center center","background-size":"auto","background-attachment":"scroll","background-type":"","background-media":"","overlay-type":"","overlay-color":"","overlay-opacity":"","overlay-gradient":""},"mobile":{"background-color":"var(--ast-global-color-5)","background-image":"","background-repeat":"repeat","background-position":"center center","background-size":"auto","background-attachment":"scroll","background-type":"","background-media":"","overlay-type":"","overlay-color":"","overlay-opacity":"","overlay-gradient":""}},"footnotes":""},"categories":[4],"tags":[122,63],"class_list":["post-4487","post","type-post","status-publish","format-standard","hentry","category-musique","tag-musique-baroque","tag-symphonie"],"_links":{"self":[{"href":"https:\/\/latelierdediablotin.fr\/WordPress3\/wp-json\/wp\/v2\/posts\/4487","targetHints":{"allow":["GET"]}}],"collection":[{"href":"https:\/\/latelierdediablotin.fr\/WordPress3\/wp-json\/wp\/v2\/posts"}],"about":[{"href":"https:\/\/latelierdediablotin.fr\/WordPress3\/wp-json\/wp\/v2\/types\/post"}],"author":[{"embeddable":true,"href":"https:\/\/latelierdediablotin.fr\/WordPress3\/wp-json\/wp\/v2\/users\/667"}],"replies":[{"embeddable":true,"href":"https:\/\/latelierdediablotin.fr\/WordPress3\/wp-json\/wp\/v2\/comments?post=4487"}],"version-history":[{"count":0,"href":"https:\/\/latelierdediablotin.fr\/WordPress3\/wp-json\/wp\/v2\/posts\/4487\/revisions"}],"wp:attachment":[{"href":"https:\/\/latelierdediablotin.fr\/WordPress3\/wp-json\/wp\/v2\/media?parent=4487"}],"wp:term":[{"taxonomy":"category","embeddable":true,"href":"https:\/\/latelierdediablotin.fr\/WordPress3\/wp-json\/wp\/v2\/categories?post=4487"},{"taxonomy":"post_tag","embeddable":true,"href":"https:\/\/latelierdediablotin.fr\/WordPress3\/wp-json\/wp\/v2\/tags?post=4487"}],"curies":[{"name":"wp","href":"https:\/\/api.w.org\/{rel}","templated":true}]}}