{"id":4793,"date":"2016-10-02T08:58:23","date_gmt":"2016-10-02T06:58:23","guid":{"rendered":"http:\/\/latelierdediablotin.fr\/WordPress3\/?p=4793"},"modified":"2016-10-02T13:04:15","modified_gmt":"2016-10-02T11:04:15","slug":"ecouter-bruckner-autrement-et-une-surprise","status":"publish","type":"post","link":"https:\/\/latelierdediablotin.fr\/WordPress3\/ecouter-bruckner-autrement-et-une-surprise\/","title":{"rendered":"Ecouter Bruckner autrement -et une surprise-"},"content":{"rendered":"<p style=\"text-align: justify;\"><strong><a href=\"https:\/\/latelierdediablotin.fr\/WordPress3\/wp-content\/uploads\/2016\/10\/Bruckner_Anton.jpg\"><img loading=\"lazy\" decoding=\"async\" class=\"alignright size-medium wp-image-4799\" src=\"https:\/\/latelierdediablotin.fr\/WordPress3\/wp-content\/uploads\/2016\/10\/Bruckner_Anton-198x300.jpg\" alt=\"bruckner_anton\" width=\"198\" height=\"300\" srcset=\"https:\/\/latelierdediablotin.fr\/WordPress3\/wp-content\/uploads\/2016\/10\/Bruckner_Anton-198x300.jpg 198w, https:\/\/latelierdediablotin.fr\/WordPress3\/wp-content\/uploads\/2016\/10\/Bruckner_Anton.jpg 508w\" sizes=\"auto, (max-width: 198px) 100vw, 198px\" \/><\/a><a href=\"https:\/\/fr.wikipedia.org\/wiki\/Anton_Bruckner\" target=\"_blank\"><span style=\"text-decoration: underline;\">Anton Bruckner<\/span><\/a><\/strong> a la r\u00e9putation d\u2019avoir commis de grandes et longues symphonies qui, pendant longtemps, auraient \u00e9t\u00e9 inaccessibles au public fran\u00e7ais car trop \u00e9loign\u00e9es de leurs go\u00fbts\u2026 En pleine crise nationaliste \u00e0 la fin du 19\u00e8me et au d\u00e9but du 20\u00e8me si\u00e8cle, il fut largement m\u00e9connu dans notre pays, sauf d&rsquo;une poign\u00e9e \u00a0de connaisseurs.<br \/>\nAussi, jusqu\u2019au d\u00e9but des ann\u00e9es 60, sa r\u00e9putation, en France, \u00e9tait qu\u2019il s\u2019agissait d\u2019un musicien de second plan, genre de sous-Brahms ou sous-Mahler, au choix selon les sensibilit\u00e9s. Il commen\u00e7a l&rsquo;\u00e9criture de ses symphonies \u00e0 40 ans pass\u00e9s et eut bien du mal, au d\u00e9but, \u00e0 les faire jouer, m\u00eame en Autriche. Pour ma part, je l&rsquo;ai d\u00e9couvert assez jeune, au tout d\u00e9but des ann\u00e9es 80 &#8211;<em>et bien avant Brahms, par exemple<\/em>&#8211; et je l&rsquo;ai toujours inscrit dans la continuit\u00e9 de Schubert plus que comme un pr\u00e9curseur de Mahler.<\/p>\n<p style=\"text-align: justify;\"><a href=\"https:\/\/latelierdediablotin.fr\/WordPress3\/wp-content\/uploads\/2016\/10\/Bruckner_TCEns.jpg\"><img loading=\"lazy\" decoding=\"async\" class=\"alignleft wp-image-4794\" src=\"https:\/\/latelierdediablotin.fr\/WordPress3\/wp-content\/uploads\/2016\/10\/Bruckner_TCEns-300x297.jpg\" alt=\"bruckner_tcens\" width=\"250\" height=\"248\" srcset=\"https:\/\/latelierdediablotin.fr\/WordPress3\/wp-content\/uploads\/2016\/10\/Bruckner_TCEns-300x297.jpg 300w, https:\/\/latelierdediablotin.fr\/WordPress3\/wp-content\/uploads\/2016\/10\/Bruckner_TCEns-150x150.jpg 150w, https:\/\/latelierdediablotin.fr\/WordPress3\/wp-content\/uploads\/2016\/10\/Bruckner_TCEns.jpg 500w\" sizes=\"auto, (max-width: 250px) 100vw, 250px\" \/><\/a>Compositeur d\u2019une na\u00efvet\u00e9 confondante &#8211;<em>il quand m\u00eame r\u00e9ussi \u00e0 d\u00e9dicacer sa 9\u00e8me et derni\u00e8re symphonie \u00ab\u00a0au bon Dieu\u00a0\u00bb<\/em>-, organiste de tout premier plan &#8211;<em>son orchestre sonne parfois presque comme un orgue<\/em>-, il laissa ses \u00ab\u00a0disciples\u00a0\u00bb retoucher nombre de ses symphonies pour les rendre plus accessibles. Quoi qu\u2019il en soit, il commen\u00e7a \u00e0 \u00eatre enregistr\u00e9 tr\u00e8s r\u00e9guli\u00e8rement \u00e0 compter des ann\u00e9es 50 et sa renomm\u00e9e est d\u00e9sormais tr\u00e8s bien \u00e9tablie.<\/p>\n<p style=\"text-align: justify;\"><a href=\"https:\/\/latelierdediablotin.fr\/WordPress3\/wp-content\/uploads\/2016\/10\/Bruck_Rogg.jpg\"><img loading=\"lazy\" decoding=\"async\" class=\"alignright wp-image-4795\" src=\"https:\/\/latelierdediablotin.fr\/WordPress3\/wp-content\/uploads\/2016\/10\/Bruck_Rogg-300x290.jpg\" alt=\"bruck_rogg\" width=\"250\" height=\"242\" srcset=\"https:\/\/latelierdediablotin.fr\/WordPress3\/wp-content\/uploads\/2016\/10\/Bruck_Rogg-300x290.jpg 300w, https:\/\/latelierdediablotin.fr\/WordPress3\/wp-content\/uploads\/2016\/10\/Bruck_Rogg.jpg 500w\" sizes=\"auto, (max-width: 250px) 100vw, 250px\" \/><\/a>Pour entamer la matin\u00e9e, j\u2019ai donc choisi ces deux beaux disques &#8211;<em>cliquer sur les imagettes pour les voir en plus grand<\/em>&#8211; qui permettent d\u2019\u00e9couter ses symphonies n\u00b07 et 8 un peu diff\u00e9remment : \u2022 la transcription de la 7\u00e8me pour petit ensemble est vraiment belle et permet d\u2019\u00e9couter l\u2019oeuvre t\u00f4t le matin sans d\u00e9ranger les voisin !<br \/>\n\u2022 La transcription pour orgue de la 8\u00e8me, a contrario, n\u00e9cessite une \u00e9coute \u00ab\u00a0un peu fort\u00a0\u00bb, sans quoi on y perd beaucoup &#8211;<em>et \u00e7a serait m\u00eame tr\u00e8s ennuyeux \u00e0 volume restreint : mais c&rsquo;est le cas pour quasiment tout le r\u00e9pertoire d&rsquo;orgue dans le cadre d&rsquo;une \u00e9coute \u00e0 domicile : voil\u00e0 un instrument qui n&rsquo;aime gu\u00e8re rentrer dans\u00a0les salons !<\/em>-.<\/p>\n<p style=\"text-align: justify;\"><a href=\"https:\/\/latelierdediablotin.fr\/WordPress3\/wp-content\/uploads\/2014\/08\/NouveauLogoSurprises_GAUCHE.png\"><img loading=\"lazy\" decoding=\"async\" class=\"alignleft size-thumbnail wp-image-946\" src=\"https:\/\/latelierdediablotin.fr\/WordPress3\/wp-content\/uploads\/2014\/08\/NouveauLogoSurprises_GAUCHE-150x150.png\" alt=\"NouveauLogoSurprises_GAUCHE\" width=\"150\" height=\"150\" \/><\/a>Avec tout cela, octobre a d\u00e9but\u00e9 sans trop s\u2019annoncer ! C\u2019est donc l\u2019heure de la surprise mensuelle, que <a href=\"https:\/\/www.dropbox.com\/s\/0a9ezswawl8e8ns\/Surprise102016.zip?dl=0\" target=\"_blank\"><span style=\"text-decoration: underline;\"><strong>vous trouverez comme chaque mois ici<\/strong><\/span><\/a>.<\/p>\n<p style=\"text-align: justify;\">Elle est livr\u00e9e sans commentaires superf\u00e9tatoires, faute de temps, mais je vous assure que c\u2019est vraiment tr\u00e8s bien ! Comme toujours, celle du mois pr\u00e9c\u00e9dent est d\u00e9sormais retir\u00e9e.<\/p>\n<p style=\"text-align: justify;\">\n","protected":false},"excerpt":{"rendered":"<p>Anton Bruckner a la r\u00e9putation d\u2019avoir commis de grandes et longues symphonies qui, pendant longtemps, auraient \u00e9t\u00e9 inaccessibles au public fran\u00e7ais car trop \u00e9loign\u00e9es de leurs go\u00fbts\u2026 En pleine crise nationaliste \u00e0 la fin du 19\u00e8me et au d\u00e9but du 20\u00e8me si\u00e8cle, il fut largement m\u00e9connu dans notre pays, sauf d&rsquo;une poign\u00e9e \u00a0de connaisseurs. Aussi, [&hellip;]<\/p>\n","protected":false},"author":667,"featured_media":0,"comment_status":"open","ping_status":"closed","sticky":false,"template":"","format":"standard","meta":{"site-sidebar-layout":"default","site-content-layout":"","ast-site-content-layout":"default","site-content-style":"default","site-sidebar-style":"default","ast-global-header-display":"","ast-banner-title-visibility":"","ast-main-header-display":"","ast-hfb-above-header-display":"","ast-hfb-below-header-display":"","ast-hfb-mobile-header-display":"","site-post-title":"","ast-breadcrumbs-content":"","ast-featured-img":"","footer-sml-layout":"","ast-disable-related-posts":"","theme-transparent-header-meta":"","adv-header-id-meta":"","stick-header-meta":"","header-above-stick-meta":"","header-main-stick-meta":"","header-below-stick-meta":"","astra-migrate-meta-layouts":"default","ast-page-background-enabled":"default","ast-page-background-meta":{"desktop":{"background-color":"var(--ast-global-color-4)","background-image":"","background-repeat":"repeat","background-position":"center center","background-size":"auto","background-attachment":"scroll","background-type":"","background-media":"","overlay-type":"","overlay-color":"","overlay-opacity":"","overlay-gradient":""},"tablet":{"background-color":"","background-image":"","background-repeat":"repeat","background-position":"center center","background-size":"auto","background-attachment":"scroll","background-type":"","background-media":"","overlay-type":"","overlay-color":"","overlay-opacity":"","overlay-gradient":""},"mobile":{"background-color":"","background-image":"","background-repeat":"repeat","background-position":"center center","background-size":"auto","background-attachment":"scroll","background-type":"","background-media":"","overlay-type":"","overlay-color":"","overlay-opacity":"","overlay-gradient":""}},"ast-content-background-meta":{"desktop":{"background-color":"var(--ast-global-color-5)","background-image":"","background-repeat":"repeat","background-position":"center center","background-size":"auto","background-attachment":"scroll","background-type":"","background-media":"","overlay-type":"","overlay-color":"","overlay-opacity":"","overlay-gradient":""},"tablet":{"background-color":"var(--ast-global-color-5)","background-image":"","background-repeat":"repeat","background-position":"center center","background-size":"auto","background-attachment":"scroll","background-type":"","background-media":"","overlay-type":"","overlay-color":"","overlay-opacity":"","overlay-gradient":""},"mobile":{"background-color":"var(--ast-global-color-5)","background-image":"","background-repeat":"repeat","background-position":"center center","background-size":"auto","background-attachment":"scroll","background-type":"","background-media":"","overlay-type":"","overlay-color":"","overlay-opacity":"","overlay-gradient":""}},"footnotes":""},"categories":[4,6],"tags":[70,111],"class_list":["post-4793","post","type-post","status-publish","format-standard","hentry","category-musique","category-surprise","tag-bruckner","tag-symphonies"],"_links":{"self":[{"href":"https:\/\/latelierdediablotin.fr\/WordPress3\/wp-json\/wp\/v2\/posts\/4793","targetHints":{"allow":["GET"]}}],"collection":[{"href":"https:\/\/latelierdediablotin.fr\/WordPress3\/wp-json\/wp\/v2\/posts"}],"about":[{"href":"https:\/\/latelierdediablotin.fr\/WordPress3\/wp-json\/wp\/v2\/types\/post"}],"author":[{"embeddable":true,"href":"https:\/\/latelierdediablotin.fr\/WordPress3\/wp-json\/wp\/v2\/users\/667"}],"replies":[{"embeddable":true,"href":"https:\/\/latelierdediablotin.fr\/WordPress3\/wp-json\/wp\/v2\/comments?post=4793"}],"version-history":[{"count":0,"href":"https:\/\/latelierdediablotin.fr\/WordPress3\/wp-json\/wp\/v2\/posts\/4793\/revisions"}],"wp:attachment":[{"href":"https:\/\/latelierdediablotin.fr\/WordPress3\/wp-json\/wp\/v2\/media?parent=4793"}],"wp:term":[{"taxonomy":"category","embeddable":true,"href":"https:\/\/latelierdediablotin.fr\/WordPress3\/wp-json\/wp\/v2\/categories?post=4793"},{"taxonomy":"post_tag","embeddable":true,"href":"https:\/\/latelierdediablotin.fr\/WordPress3\/wp-json\/wp\/v2\/tags?post=4793"}],"curies":[{"name":"wp","href":"https:\/\/api.w.org\/{rel}","templated":true}]}}