{"id":4857,"date":"2016-10-15T09:46:42","date_gmt":"2016-10-15T07:46:42","guid":{"rendered":"http:\/\/latelierdediablotin.fr\/WordPress3\/?p=4857"},"modified":"2016-10-15T10:06:55","modified_gmt":"2016-10-15T08:06:55","slug":"playlist-la-premiere-est-la-derniere","status":"publish","type":"post","link":"https:\/\/latelierdediablotin.fr\/WordPress3\/playlist-la-premiere-est-la-derniere\/","title":{"rendered":"Playlist \u00ab\u00a0La premi\u00e8re est la derni\u00e8re\u00a0\u00bb"},"content":{"rendered":"<p style=\"text-align: justify;\"><a href=\"https:\/\/latelierdediablotin.fr\/WordPress3\/wp-content\/uploads\/2016\/10\/Beeth_KGold.jpg\"><img loading=\"lazy\" decoding=\"async\" class=\"size-full wp-image-4858 alignleft\" src=\"https:\/\/latelierdediablotin.fr\/WordPress3\/wp-content\/uploads\/2016\/10\/Beeth_KGold.jpg\" alt=\"beeth_kgold\" width=\"300\" height=\"300\" srcset=\"https:\/\/latelierdediablotin.fr\/WordPress3\/wp-content\/uploads\/2016\/10\/Beeth_KGold.jpg 300w, https:\/\/latelierdediablotin.fr\/WordPress3\/wp-content\/uploads\/2016\/10\/Beeth_KGold-150x150.jpg 150w\" sizes=\"auto, (max-width: 300px) 100vw, 300px\" \/><\/a>Je vous parle ici d\u2019un temps que les moins de 33 ans ne peuvent pas conna\u00eetre\u2026 Au sortir de l&rsquo;adolescence, j&rsquo;entrais dans la vie active avec l&rsquo;enviable statut d&rsquo;\u00e9tudiant salari\u00e9 et avais donc quelques sous \u00e0 consacrer \u00e0 l&rsquo;achat de disques : beaucoup de 33T \u00e0 cette \u00e9poque, mais je commen\u00e7ais \u00e9galement \u00e0 acheter les tout premiers Compact Disc.<\/p>\n<p style=\"text-align: justify;\">A cette \u00e9poque, donc, le CD fit son apparition, d\u2019abord tr\u00e8s discr\u00e8te, dans les \u00e9talages des disquaires. On ne pouvait pas encore parler de rayons ou de bacs, tant ils \u00e9taient en petit nombre &#8211;<em>et l&rsquo;offre donc tr\u00e8s restreinte<\/em>-.\u00a0Chez \u00ab\u00a0l\u2019agitateur culturel\u00a0\u00bb &#8211;<em>\u00e0 l\u2019\u00e9poque, le slogan lui allait assez bien, depuis\u2026<\/em>-, on n\u2019avait m\u00eame pas acc\u00e8s \u00e0 la chose : une <strong>photocopie<\/strong> de la pochette sous plexiglass servait \u00e0 choisir son CD, et un vendeur vous accompagnait \u00e0 la caisse avec l\u2019objet : il ne vous \u00e9tait pas remis avant passage \u00e0 ladite caisse ! <a href=\"http:\/\/www.wolfmusique.com\/presentation.html\" target=\"_blank\"><span style=\"text-decoration: underline;\"><strong>Chez mon revendeur pr\u00e9f\u00e9r\u00e9<\/strong><\/span><\/a>, qui restait encore pour une tr\u00e8s courte p\u00e9riode \u00ab\u00a0le premier disquaire de France\u00a0\u00bb &#8211;<em>mais le CD contribua paradoxalement \u00e0 sa perte<\/em>-, j&rsquo;avais le droit d&rsquo;en \u00e9couter quelques-uns dont les bo\u00eetiers \u00e9taient d\u00e9j\u00e0 descell\u00e9s &#8211;<em>parce que le vendeuses, pour faire leur travail de conseil, \u00e9taient tenues de les \u00e9couter auparavant : ce temps-l\u00e0 a \u00e9galement disparu : d\u00e9sormais, les vendeurs <del>remplissent<\/del> vident les rayons&#8230;<\/em>-.<\/p>\n<p style=\"text-align: justify;\"><a href=\"https:\/\/latelierdediablotin.fr\/WordPress3\/wp-content\/uploads\/2016\/10\/Portr_Beeth_1804.jpg\"><img loading=\"lazy\" decoding=\"async\" class=\"alignright size-medium wp-image-4864\" src=\"https:\/\/latelierdediablotin.fr\/WordPress3\/wp-content\/uploads\/2016\/10\/Portr_Beeth_1804-253x300.jpg\" alt=\"portr_beeth_1804\" width=\"253\" height=\"300\" srcset=\"https:\/\/latelierdediablotin.fr\/WordPress3\/wp-content\/uploads\/2016\/10\/Portr_Beeth_1804-253x300.jpg 253w, https:\/\/latelierdediablotin.fr\/WordPress3\/wp-content\/uploads\/2016\/10\/Portr_Beeth_1804-768x912.jpg 768w, https:\/\/latelierdediablotin.fr\/WordPress3\/wp-content\/uploads\/2016\/10\/Portr_Beeth_1804.jpg 800w\" sizes=\"auto, (max-width: 253px) 100vw, 253px\" \/><\/a>C\u2019est \u00e0 cette \u00e9poque qu\u2019Herbert Von Karajan commen\u00e7a \u00e0 enregistrer, pour une nouvelle post\u00e9rit\u00e9, sa derni\u00e8re int\u00e9grale des symphonies de Beethoven &#8211;<em>mais aussi de larges pans de son r\u00e9pertoire avec une boulimie fr\u00e9n\u00e9tique, malgr\u00e9 la maladie et les relations d\u00e9grad\u00e9es avec son orchestre berlinois<\/em>-, qui fut donc la premi\u00e8re disponible en CD.<\/p>\n<p style=\"text-align: justify;\">Disons-le tout de suite : elle n\u2019a pas eu aussi bonne r\u00e9putation\u00a0que les pr\u00e9c\u00e9dentes &#8211;<em>les deux premiers albums du coffret, soit 5+6 et 9 furent cependant largement prim\u00e9s, en France et en Allemagne, par la presse sp\u00e9cialis\u00e9e : l\u2019appr\u00e9ciation fut donc largement positive, mais un peu plus nuanc\u00e9e que pour les deux int\u00e9grales pr\u00e9c\u00e9dentes<\/em>&#8211; et ne b\u00e9n\u00e9ficie pas de l\u2019aura mythique de ses devanci\u00e8res &#8211;<em>surtout celle de 1962<\/em>-. La prise de son, mate et compacte, reste le principal obstacle \u00e0 une d\u00e9couverte de ce corpus dans de bonnes conditions : on \u00e9tait encore au d\u00e9but de l\u2019enregistrement digital chez l\u2019\u00e9diteur jaune.<\/p>\n<p style=\"text-align: justify;\">Quelques ann\u00e9es plus tard, un nouveau remastering parut, selon le proc\u00e9d\u00e9 \u00ab\u00a0Original Image Bit-Processing\u00a0\u00bb, qui permit enfin d\u2019en profiter dans de meilleures conditions &#8211;<em>et de revendre, dans ce son largement am\u00e9lior\u00e9, mais loin d\u2019\u00eatre id\u00e9al pour autant, les m\u00eames CD \u00e0 prix fort<\/em>-. C\u2019est donc cette \u00e9dition qui est l\u2019objet de la playlist de ce jour.<\/p>\n<p style=\"text-align: justify;\"><a href=\"https:\/\/latelierdediablotin.fr\/WordPress3\/wp-content\/uploads\/2016\/10\/Beeth_56_KGold.jpg\"><img loading=\"lazy\" decoding=\"async\" class=\"wp-image-4860 alignleft\" src=\"https:\/\/latelierdediablotin.fr\/WordPress3\/wp-content\/uploads\/2016\/10\/Beeth_56_KGold.jpg\" alt=\"beeth_56_kgold\" width=\"200\" height=\"202\" srcset=\"https:\/\/latelierdediablotin.fr\/WordPress3\/wp-content\/uploads\/2016\/10\/Beeth_56_KGold.jpg 700w, https:\/\/latelierdediablotin.fr\/WordPress3\/wp-content\/uploads\/2016\/10\/Beeth_56_KGold-297x300.jpg 297w\" sizes=\"auto, (max-width: 200px) 100vw, 200px\" \/><\/a>Depuis l\u2019achat de ce qui fut mon premier CD de musique classique &#8211;<em>symphonies 5 et 6, la neuvi\u00e8me fut acquise la semaine suivante. Cliquer sur l&rsquo;image pour la voir\u00a0en plus grand<\/em>-, bien de l\u2019eau a coul\u00e9 sous les ponts de l\u2019Ill et du Rhin\u2026 Au bilan de cette int\u00e9grale : je reste tr\u00e8s attach\u00e9 \u00e0 la symphonie Pastorale, extr\u00eamement bien jou\u00e9e, avec des timbres magnifiques et un clair-obscur saisissant qui lui sied \u00e0 ravir &#8211;<em>cf; l\u2019extrait ci-dessous<\/em>-.<br \/>\nJe reviens souvent avec beaucoup de plaisir vers le dernier mouvement de la Troisi\u00e8me &#8211;<em>le reste de la symphonie est tr\u00e8s bien aussi, mais pas aussi excellent<\/em>-, qui coule avec puissance et naturel. La Cinqui\u00e8me est puissante &#8211;<em>et le dernier mouvement tr\u00e8s sonore !<\/em>&#8211; mais je pr\u00e9f\u00e8re d\u2019autres versions du chef, ce qui vaut \u00e9galement pour la Neuvi\u00e8me. La Quatri\u00e8me et la Septi\u00e8me sont celles qui souffrent le plus de la prise de son, la Huiti\u00e8me est moins r\u00e9ussie qu\u2019auparavant, et j\u2019\u00e9coute tr\u00e8s rarement la premi\u00e8re et la Deuxi\u00e8me, dans quelque version que ce soit.<\/p>\n<audio class=\"wp-audio-shortcode\" id=\"audio-4857-1\" preload=\"none\" style=\"width: 100%;\" controls=\"controls\"><source type=\"audio\/mpeg\" src=\"https:\/\/latelierdediablotin.fr\/WordPress3\/wp-content\/uploads\/2016\/10\/4-06-II.-Andante-molto-mosso.mp3?_=1\" \/><a href=\"https:\/\/latelierdediablotin.fr\/WordPress3\/wp-content\/uploads\/2016\/10\/4-06-II.-Andante-molto-mosso.mp3\">https:\/\/latelierdediablotin.fr\/WordPress3\/wp-content\/uploads\/2016\/10\/4-06-II.-Andante-molto-mosso.mp3<\/a><\/audio>\n","protected":false},"excerpt":{"rendered":"<p>Je vous parle ici d\u2019un temps que les moins de 33 ans ne peuvent pas conna\u00eetre\u2026 Au sortir de l&rsquo;adolescence, j&rsquo;entrais dans la vie active avec l&rsquo;enviable statut d&rsquo;\u00e9tudiant salari\u00e9 et avais donc quelques sous \u00e0 consacrer \u00e0 l&rsquo;achat de disques : beaucoup de 33T \u00e0 cette \u00e9poque, mais je commen\u00e7ais \u00e9galement \u00e0 acheter les [&hellip;]<\/p>\n","protected":false},"author":667,"featured_media":0,"comment_status":"open","ping_status":"closed","sticky":false,"template":"","format":"standard","meta":{"site-sidebar-layout":"default","site-content-layout":"","ast-site-content-layout":"default","site-content-style":"default","site-sidebar-style":"default","ast-global-header-display":"","ast-banner-title-visibility":"","ast-main-header-display":"","ast-hfb-above-header-display":"","ast-hfb-below-header-display":"","ast-hfb-mobile-header-display":"","site-post-title":"","ast-breadcrumbs-content":"","ast-featured-img":"","footer-sml-layout":"","ast-disable-related-posts":"","theme-transparent-header-meta":"","adv-header-id-meta":"","stick-header-meta":"","header-above-stick-meta":"","header-main-stick-meta":"","header-below-stick-meta":"","astra-migrate-meta-layouts":"default","ast-page-background-enabled":"default","ast-page-background-meta":{"desktop":{"background-color":"var(--ast-global-color-4)","background-image":"","background-repeat":"repeat","background-position":"center center","background-size":"auto","background-attachment":"scroll","background-type":"","background-media":"","overlay-type":"","overlay-color":"","overlay-opacity":"","overlay-gradient":""},"tablet":{"background-color":"","background-image":"","background-repeat":"repeat","background-position":"center center","background-size":"auto","background-attachment":"scroll","background-type":"","background-media":"","overlay-type":"","overlay-color":"","overlay-opacity":"","overlay-gradient":""},"mobile":{"background-color":"","background-image":"","background-repeat":"repeat","background-position":"center center","background-size":"auto","background-attachment":"scroll","background-type":"","background-media":"","overlay-type":"","overlay-color":"","overlay-opacity":"","overlay-gradient":""}},"ast-content-background-meta":{"desktop":{"background-color":"var(--ast-global-color-5)","background-image":"","background-repeat":"repeat","background-position":"center center","background-size":"auto","background-attachment":"scroll","background-type":"","background-media":"","overlay-type":"","overlay-color":"","overlay-opacity":"","overlay-gradient":""},"tablet":{"background-color":"var(--ast-global-color-5)","background-image":"","background-repeat":"repeat","background-position":"center center","background-size":"auto","background-attachment":"scroll","background-type":"","background-media":"","overlay-type":"","overlay-color":"","overlay-opacity":"","overlay-gradient":""},"mobile":{"background-color":"var(--ast-global-color-5)","background-image":"","background-repeat":"repeat","background-position":"center center","background-size":"auto","background-attachment":"scroll","background-type":"","background-media":"","overlay-type":"","overlay-color":"","overlay-opacity":"","overlay-gradient":""}},"footnotes":""},"categories":[2,4],"tags":[30,99,86,56,111],"class_list":["post-4857","post","type-post","status-publish","format-standard","hentry","category-au-jour-le-jour","category-musique","tag-beethoven","tag-dgg","tag-discotheque","tag-karajan","tag-symphonies"],"_links":{"self":[{"href":"https:\/\/latelierdediablotin.fr\/WordPress3\/wp-json\/wp\/v2\/posts\/4857","targetHints":{"allow":["GET"]}}],"collection":[{"href":"https:\/\/latelierdediablotin.fr\/WordPress3\/wp-json\/wp\/v2\/posts"}],"about":[{"href":"https:\/\/latelierdediablotin.fr\/WordPress3\/wp-json\/wp\/v2\/types\/post"}],"author":[{"embeddable":true,"href":"https:\/\/latelierdediablotin.fr\/WordPress3\/wp-json\/wp\/v2\/users\/667"}],"replies":[{"embeddable":true,"href":"https:\/\/latelierdediablotin.fr\/WordPress3\/wp-json\/wp\/v2\/comments?post=4857"}],"version-history":[{"count":0,"href":"https:\/\/latelierdediablotin.fr\/WordPress3\/wp-json\/wp\/v2\/posts\/4857\/revisions"}],"wp:attachment":[{"href":"https:\/\/latelierdediablotin.fr\/WordPress3\/wp-json\/wp\/v2\/media?parent=4857"}],"wp:term":[{"taxonomy":"category","embeddable":true,"href":"https:\/\/latelierdediablotin.fr\/WordPress3\/wp-json\/wp\/v2\/categories?post=4857"},{"taxonomy":"post_tag","embeddable":true,"href":"https:\/\/latelierdediablotin.fr\/WordPress3\/wp-json\/wp\/v2\/tags?post=4857"}],"curies":[{"name":"wp","href":"https:\/\/api.w.org\/{rel}","templated":true}]}}