{"id":4875,"date":"2016-10-16T08:33:44","date_gmt":"2016-10-16T06:33:44","guid":{"rendered":"http:\/\/latelierdediablotin.fr\/WordPress3\/?p=4875"},"modified":"2016-10-16T11:37:42","modified_gmt":"2016-10-16T09:37:42","slug":"devinette-facile-couleurs-locales-et-playlist-variee","status":"publish","type":"post","link":"https:\/\/latelierdediablotin.fr\/WordPress3\/devinette-facile-couleurs-locales-et-playlist-variee\/","title":{"rendered":"Devinette -facile- couleurs locales et playlist vari\u00e9e"},"content":{"rendered":"<p style=\"text-align: justify;\"><a href=\"https:\/\/latelierdediablotin.fr\/WordPress3\/wp-content\/uploads\/2016\/10\/Strasbg_m\u00e9mpoirMusique.jpg\"><img loading=\"lazy\" decoding=\"async\" class=\"alignleft wp-image-4876\" src=\"https:\/\/latelierdediablotin.fr\/WordPress3\/wp-content\/uploads\/2016\/10\/Strasbg_m\u00e9mpoirMusique.jpg\" alt=\"strasbg_mempoirmusique\" width=\"120\" height=\"187\" srcset=\"https:\/\/latelierdediablotin.fr\/WordPress3\/wp-content\/uploads\/2016\/10\/Strasbg_m\u00e9mpoirMusique.jpg 507w, https:\/\/latelierdediablotin.fr\/WordPress3\/wp-content\/uploads\/2016\/10\/Strasbg_m\u00e9mpoirMusique-193x300.jpg 193w\" sizes=\"auto, (max-width: 120px) 100vw, 120px\" \/><\/a>\u00ab\u00a0<strong><em>Strasbourg reste sans contredit le lieu de France o\u00f9 la culture musicale s\u2019\u00e9panouit de la mani\u00e8re la plus naturelle et la plus traditionnelle<\/em><\/strong>\u00a0\u00bb. <a href=\"https:\/\/fr.wikipedia.org\/wiki\/Fran\u00e7ois_Lesure\" target=\"_blank\"><span style=\"text-decoration: underline;\"><strong>Fran\u00e7ois Lesure<\/strong><\/span><\/a>, 1999.<\/p>\n<p style=\"text-align: justify;\">Telle est la conclusion, par un des plus \u00e9minents musicologue fran\u00e7ais, de la pr\u00e9face, de cet excellent petit ouvrage, remarquablement document\u00e9 et dot\u00e9 d\u2019une riche bibliographie, qui appelle d\u2019autres lectures. &#8211;<em>Cliquer sur l\u2019image pour la voir en plus grand et lire le titre<\/em>&#8211;<\/p>\n<p style=\"text-align: justify;\"><a href=\"https:\/\/latelierdediablotin.fr\/WordPress3\/wp-content\/uploads\/2016\/10\/Patineurs.jpg\"><img loading=\"lazy\" decoding=\"async\" class=\"alignright wp-image-4877\" src=\"https:\/\/latelierdediablotin.fr\/WordPress3\/wp-content\/uploads\/2016\/10\/Patineurs.jpg\" alt=\"patineurs\" width=\"200\" height=\"147\" srcset=\"https:\/\/latelierdediablotin.fr\/WordPress3\/wp-content\/uploads\/2016\/10\/Patineurs.jpg 835w, https:\/\/latelierdediablotin.fr\/WordPress3\/wp-content\/uploads\/2016\/10\/Patineurs-300x221.jpg 300w, https:\/\/latelierdediablotin.fr\/WordPress3\/wp-content\/uploads\/2016\/10\/Patineurs-768x565.jpg 768w\" sizes=\"auto, (max-width: 200px) 100vw, 200px\" \/><\/a>En mati\u00e8re\u00a0de devinette &#8211;<i>moins difficile qu\u2019il n\u2019y para\u00eet<\/i>-, je vous propose aujourd&rsquo;hui d\u2019\u00e9couter cet agr\u00e9able et tr\u00e8s connu extrait et de me donner :<br \/>\n\u2022 le nom de <strong>l\u2019oeuvre<\/strong>;<br \/>\n\u2022 le nom du <strong>compositeur<\/strong>, surnomm\u00e9 \u00ab\u00a0le Johann Strauss strasbourgeois\u00a0\u00bb, puis \u00ab\u00a0le Strauss de Paris\u00a0\u00bb, les troubles de l\u2019histoire complexe de la r\u00e9gion obligeant\u2026 N\u00e9 \u00e0 Strasbourg, il fut tr\u00e8s en vogue dans les salons parisiens du Second Empire et du d\u00e9but de la Troisi\u00e8me R\u00e9publique;<br \/>\n\u2022 le nom de <strong>l\u2019orchestre<\/strong> interpr\u00e9tant cet extrait -c\u2019est facile dans ce contexte\u2026-;<br \/>\n\u2022 en guise de bonus pour d\u00e9partager les \u00e9ventuels ex-aequo : le nom <strong>du chef<\/strong> \u00e0 la t\u00eate dudit orchestre. Autrichien, il en fut le titulaire -tr\u00e8s appr\u00e9ci\u00e9 des musiciens- \u00e0 la fin du 20\u00e8me si\u00e8cle.<br \/>\n&#8211;<em>Cliquer aussi sur l\u2019image pour la voir en plus grand : meilleur indice que cela, je ne pourrai pas vous fournir !<\/em>-.<\/p>\n<audio class=\"wp-audio-shortcode\" id=\"audio-4875-1\" preload=\"none\" style=\"width: 100%;\" controls=\"controls\"><source type=\"audio\/mpeg\" src=\"https:\/\/latelierdediablotin.fr\/WordPress3\/wp-content\/uploads\/2016\/10\/03-Les_Patineurs_valse.mp3?_=1\" \/><a href=\"https:\/\/latelierdediablotin.fr\/WordPress3\/wp-content\/uploads\/2016\/10\/03-Les_Patineurs_valse.mp3\">https:\/\/latelierdediablotin.fr\/WordPress3\/wp-content\/uploads\/2016\/10\/03-Les_Patineurs_valse.mp3<\/a><\/audio>\n<p style=\"text-align: justify;\">Comme d\u2019habitude, le vainqueur gagnera un joli cadeau&#8230; Et, pendant que vous vous creuserez la t\u00eate &#8211;<em>ou pas, parce que ce n&rsquo;est pas si difficile que \u00e7a&#8230;<\/em>-, je profite pour ma part de cette jolie playlist ! &#8211;<em>Cliquer sur l&rsquo;image pour la voir en plus grand<\/em>-.<\/p>\n<p style=\"text-align: justify;\"><a href=\"https:\/\/latelierdediablotin.fr\/WordPress3\/wp-content\/uploads\/2016\/10\/Playlist16102016.jpg\"><img loading=\"lazy\" decoding=\"async\" class=\"aligncenter wp-image-4879\" src=\"https:\/\/latelierdediablotin.fr\/WordPress3\/wp-content\/uploads\/2016\/10\/Playlist16102016.jpg\" alt=\"playlist16102016\" width=\"750\" height=\"197\" srcset=\"https:\/\/latelierdediablotin.fr\/WordPress3\/wp-content\/uploads\/2016\/10\/Playlist16102016.jpg 1520w, https:\/\/latelierdediablotin.fr\/WordPress3\/wp-content\/uploads\/2016\/10\/Playlist16102016-300x79.jpg 300w, https:\/\/latelierdediablotin.fr\/WordPress3\/wp-content\/uploads\/2016\/10\/Playlist16102016-768x202.jpg 768w, https:\/\/latelierdediablotin.fr\/WordPress3\/wp-content\/uploads\/2016\/10\/Playlist16102016-1024x269.jpg 1024w\" sizes=\"auto, (max-width: 750px) 100vw, 750px\" \/><\/a><\/p>\n","protected":false},"excerpt":{"rendered":"<p>\u00ab\u00a0Strasbourg reste sans contredit le lieu de France o\u00f9 la culture musicale s\u2019\u00e9panouit de la mani\u00e8re la plus naturelle et la plus traditionnelle\u00a0\u00bb. Fran\u00e7ois Lesure, 1999. Telle est la conclusion, par un des plus \u00e9minents musicologue fran\u00e7ais, de la pr\u00e9face, de cet excellent petit ouvrage, remarquablement document\u00e9 et dot\u00e9 d\u2019une riche bibliographie, qui appelle d\u2019autres [&hellip;]<\/p>\n","protected":false},"author":667,"featured_media":0,"comment_status":"open","ping_status":"closed","sticky":false,"template":"","format":"standard","meta":{"site-sidebar-layout":"default","site-content-layout":"","ast-site-content-layout":"default","site-content-style":"default","site-sidebar-style":"default","ast-global-header-display":"","ast-banner-title-visibility":"","ast-main-header-display":"","ast-hfb-above-header-display":"","ast-hfb-below-header-display":"","ast-hfb-mobile-header-display":"","site-post-title":"","ast-breadcrumbs-content":"","ast-featured-img":"","footer-sml-layout":"","ast-disable-related-posts":"","theme-transparent-header-meta":"","adv-header-id-meta":"","stick-header-meta":"","header-above-stick-meta":"","header-main-stick-meta":"","header-below-stick-meta":"","astra-migrate-meta-layouts":"default","ast-page-background-enabled":"default","ast-page-background-meta":{"desktop":{"background-color":"var(--ast-global-color-4)","background-image":"","background-repeat":"repeat","background-position":"center center","background-size":"auto","background-attachment":"scroll","background-type":"","background-media":"","overlay-type":"","overlay-color":"","overlay-opacity":"","overlay-gradient":""},"tablet":{"background-color":"","background-image":"","background-repeat":"repeat","background-position":"center center","background-size":"auto","background-attachment":"scroll","background-type":"","background-media":"","overlay-type":"","overlay-color":"","overlay-opacity":"","overlay-gradient":""},"mobile":{"background-color":"","background-image":"","background-repeat":"repeat","background-position":"center center","background-size":"auto","background-attachment":"scroll","background-type":"","background-media":"","overlay-type":"","overlay-color":"","overlay-opacity":"","overlay-gradient":""}},"ast-content-background-meta":{"desktop":{"background-color":"var(--ast-global-color-5)","background-image":"","background-repeat":"repeat","background-position":"center center","background-size":"auto","background-attachment":"scroll","background-type":"","background-media":"","overlay-type":"","overlay-color":"","overlay-opacity":"","overlay-gradient":""},"tablet":{"background-color":"var(--ast-global-color-5)","background-image":"","background-repeat":"repeat","background-position":"center center","background-size":"auto","background-attachment":"scroll","background-type":"","background-media":"","overlay-type":"","overlay-color":"","overlay-opacity":"","overlay-gradient":""},"mobile":{"background-color":"var(--ast-global-color-5)","background-image":"","background-repeat":"repeat","background-position":"center center","background-size":"auto","background-attachment":"scroll","background-type":"","background-media":"","overlay-type":"","overlay-color":"","overlay-opacity":"","overlay-gradient":""}},"footnotes":""},"categories":[2,28,4],"tags":[50,57,53,125,58,101],"class_list":["post-4875","post","type-post","status-publish","format-standard","hentry","category-au-jour-le-jour","category-devinette","category-musique","tag-concerto","tag-elgar","tag-rolling-stones","tag-schubert","tag-sibelius","tag-strasbourg"],"_links":{"self":[{"href":"https:\/\/latelierdediablotin.fr\/WordPress3\/wp-json\/wp\/v2\/posts\/4875","targetHints":{"allow":["GET"]}}],"collection":[{"href":"https:\/\/latelierdediablotin.fr\/WordPress3\/wp-json\/wp\/v2\/posts"}],"about":[{"href":"https:\/\/latelierdediablotin.fr\/WordPress3\/wp-json\/wp\/v2\/types\/post"}],"author":[{"embeddable":true,"href":"https:\/\/latelierdediablotin.fr\/WordPress3\/wp-json\/wp\/v2\/users\/667"}],"replies":[{"embeddable":true,"href":"https:\/\/latelierdediablotin.fr\/WordPress3\/wp-json\/wp\/v2\/comments?post=4875"}],"version-history":[{"count":0,"href":"https:\/\/latelierdediablotin.fr\/WordPress3\/wp-json\/wp\/v2\/posts\/4875\/revisions"}],"wp:attachment":[{"href":"https:\/\/latelierdediablotin.fr\/WordPress3\/wp-json\/wp\/v2\/media?parent=4875"}],"wp:term":[{"taxonomy":"category","embeddable":true,"href":"https:\/\/latelierdediablotin.fr\/WordPress3\/wp-json\/wp\/v2\/categories?post=4875"},{"taxonomy":"post_tag","embeddable":true,"href":"https:\/\/latelierdediablotin.fr\/WordPress3\/wp-json\/wp\/v2\/tags?post=4875"}],"curies":[{"name":"wp","href":"https:\/\/api.w.org\/{rel}","templated":true}]}}