{"id":5710,"date":"2017-02-18T12:59:46","date_gmt":"2017-02-18T11:59:46","guid":{"rendered":"http:\/\/latelierdediablotin.fr\/WordPress3\/?p=5710"},"modified":"2017-02-25T10:02:50","modified_gmt":"2017-02-25T09:02:50","slug":"albums-en-serie-part-4","status":"publish","type":"post","link":"https:\/\/latelierdediablotin.fr\/WordPress3\/albums-en-serie-part-4\/","title":{"rendered":"Albums en s\u00e9rie, part 4 !"},"content":{"rendered":"<p style=\"text-align: justify;\"><strong><span style=\"font-size: 14pt;\">6 albums pour d\u00e9couvrir George-Frideric Handel<\/span><\/strong><\/p>\n<p style=\"text-align: justify;\">Aujourd\u2019hui, suite de la s\u00e9rie entam\u00e9e pr\u00e9c\u00e9demment &#8211;<span style=\"text-decoration: underline;\"><strong><a href=\"https:\/\/latelierdediablotin.fr\/WordPress3\/2017\/02\/albums-en-serie-part-one\/\" target=\"_blank\">ici<\/a><\/strong><\/span>, <a href=\"https:\/\/latelierdediablotin.fr\/WordPress3\/2017\/02\/albums-en-serie-part-two\/\" target=\"_blank\"><span style=\"text-decoration: underline;\"><strong>l\u00e0<\/strong><\/span><\/a> et encore <a href=\"https:\/\/latelierdediablotin.fr\/WordPress3\/2017\/02\/albums-en-serie-part-3\/\" target=\"_blank\"><span style=\"text-decoration: underline;\"><strong>l\u00e0<\/strong><\/span><\/a>-, avec une invitation \u00e0 la d\u00e9couvert de <strong>George-Frideric HANDEL<\/strong> &#8211;<em>ainsi qu\u2019il se d\u00e9signait lui-m\u00eame<\/em>-, compositeur anglais, n\u00e9 allemand et grand voyageur \u00e0 travers toute l\u2019Europe ! Je vous l\u2019avais d\u00e9j\u00e0 pr\u00e9sent\u00e9 un peu dans <a href=\"https:\/\/latelierdediablotin.fr\/WordPress3\/2016\/10\/playlist-grande-comme-le-monde\/\" target=\"_blank\"><span style=\"text-decoration: underline;\"><strong>cette notule<\/strong><\/span><\/a>. Evidemment, le choix reste arbitraire et tributaire de mes go\u00fbts en la mati\u00e8re, et j\u2019ai soigneusement \u00e9vit\u00e9 de vous proposer un op\u00e9ra du compositeur, assez difficile d\u2019acc\u00e8s de nos jours. &#8211;<em>Cliquer sur l\u2019image pour la voir en plus grand<\/em>-.<\/p>\n<p style=\"text-align: justify;\"><a href=\"https:\/\/latelierdediablotin.fr\/WordPress3\/wp-content\/uploads\/2017\/02\/AlbumSerieHandel.jpg\"><img loading=\"lazy\" decoding=\"async\" class=\"aligncenter wp-image-5711\" src=\"https:\/\/latelierdediablotin.fr\/WordPress3\/wp-content\/uploads\/2017\/02\/AlbumSerieHandel.jpg\" width=\"750\" height=\"286\" srcset=\"https:\/\/latelierdediablotin.fr\/WordPress3\/wp-content\/uploads\/2017\/02\/AlbumSerieHandel.jpg 1409w, https:\/\/latelierdediablotin.fr\/WordPress3\/wp-content\/uploads\/2017\/02\/AlbumSerieHandel-300x114.jpg 300w, https:\/\/latelierdediablotin.fr\/WordPress3\/wp-content\/uploads\/2017\/02\/AlbumSerieHandel-768x293.jpg 768w, https:\/\/latelierdediablotin.fr\/WordPress3\/wp-content\/uploads\/2017\/02\/AlbumSerieHandel-1024x390.jpg 1024w\" sizes=\"auto, (max-width: 750px) 100vw, 750px\" \/><\/a><\/p>\n<p style=\"text-align: justify;\">Marc Vignal, dans son histoire de la musique, pr\u00e9sente une bonne synth\u00e8se de son style et de son \u00e9volution musicale : \u00ab\u00a0Usant de la langue de son temps comme Bach (\u2026) Handel apparut comme un puissant organisateur, comme un merveilleux instrument de synth\u00e8se de l&rsquo;art europ\u00e9en. L&rsquo;Allemagne lui inculqua une certaine pi\u00e9t\u00e9 int\u00e9rieure, jamais d\u00e9mentie. L&rsquo;Italie d\u00e9veloppa ses dons de m\u00e9lodiste [\u2026] son sensualisme pour les couleurs et les sonorit\u00e9s. De la France il \u00e9couta les le\u00e7ons de clart\u00e9, d&rsquo;\u00e9l\u00e9gance, d&rsquo;\u00e9quilibre. L&rsquo;Angleterre, enfin, lui enseigna la po\u00e9sie des virginalistes, la spontan\u00e9it\u00e9 de Purcell, ses ambigu\u00eft\u00e9s modales et ses audaces rythmiques.\u00a0\u00bb<\/p>\n","protected":false},"excerpt":{"rendered":"<p>6 albums pour d\u00e9couvrir George-Frideric Handel Aujourd\u2019hui, suite de la s\u00e9rie entam\u00e9e pr\u00e9c\u00e9demment &#8211;ici, l\u00e0 et encore l\u00e0-, avec une invitation \u00e0 la d\u00e9couvert de George-Frideric HANDEL &#8211;ainsi qu\u2019il se d\u00e9signait lui-m\u00eame-, compositeur anglais, n\u00e9 allemand et grand voyageur \u00e0 travers toute l\u2019Europe ! Je vous l\u2019avais d\u00e9j\u00e0 pr\u00e9sent\u00e9 un peu dans cette notule. Evidemment, [&hellip;]<\/p>\n","protected":false},"author":667,"featured_media":0,"comment_status":"open","ping_status":"closed","sticky":false,"template":"","format":"standard","meta":{"site-sidebar-layout":"default","site-content-layout":"","ast-site-content-layout":"default","site-content-style":"default","site-sidebar-style":"default","ast-global-header-display":"","ast-banner-title-visibility":"","ast-main-header-display":"","ast-hfb-above-header-display":"","ast-hfb-below-header-display":"","ast-hfb-mobile-header-display":"","site-post-title":"","ast-breadcrumbs-content":"","ast-featured-img":"","footer-sml-layout":"","ast-disable-related-posts":"","theme-transparent-header-meta":"","adv-header-id-meta":"","stick-header-meta":"","header-above-stick-meta":"","header-main-stick-meta":"","header-below-stick-meta":"","astra-migrate-meta-layouts":"default","ast-page-background-enabled":"default","ast-page-background-meta":{"desktop":{"background-color":"var(--ast-global-color-4)","background-image":"","background-repeat":"repeat","background-position":"center center","background-size":"auto","background-attachment":"scroll","background-type":"","background-media":"","overlay-type":"","overlay-color":"","overlay-opacity":"","overlay-gradient":""},"tablet":{"background-color":"","background-image":"","background-repeat":"repeat","background-position":"center center","background-size":"auto","background-attachment":"scroll","background-type":"","background-media":"","overlay-type":"","overlay-color":"","overlay-opacity":"","overlay-gradient":""},"mobile":{"background-color":"","background-image":"","background-repeat":"repeat","background-position":"center center","background-size":"auto","background-attachment":"scroll","background-type":"","background-media":"","overlay-type":"","overlay-color":"","overlay-opacity":"","overlay-gradient":""}},"ast-content-background-meta":{"desktop":{"background-color":"var(--ast-global-color-5)","background-image":"","background-repeat":"repeat","background-position":"center center","background-size":"auto","background-attachment":"scroll","background-type":"","background-media":"","overlay-type":"","overlay-color":"","overlay-opacity":"","overlay-gradient":""},"tablet":{"background-color":"var(--ast-global-color-5)","background-image":"","background-repeat":"repeat","background-position":"center center","background-size":"auto","background-attachment":"scroll","background-type":"","background-media":"","overlay-type":"","overlay-color":"","overlay-opacity":"","overlay-gradient":""},"mobile":{"background-color":"var(--ast-global-color-5)","background-image":"","background-repeat":"repeat","background-position":"center center","background-size":"auto","background-attachment":"scroll","background-type":"","background-media":"","overlay-type":"","overlay-color":"","overlay-opacity":"","overlay-gradient":""}},"footnotes":""},"categories":[153,5,4],"tags":[72],"class_list":["post-5710","post","type-post","status-publish","format-standard","hentry","category-albums-en-serie","category-lecture","category-musique","tag-handel"],"_links":{"self":[{"href":"https:\/\/latelierdediablotin.fr\/WordPress3\/wp-json\/wp\/v2\/posts\/5710","targetHints":{"allow":["GET"]}}],"collection":[{"href":"https:\/\/latelierdediablotin.fr\/WordPress3\/wp-json\/wp\/v2\/posts"}],"about":[{"href":"https:\/\/latelierdediablotin.fr\/WordPress3\/wp-json\/wp\/v2\/types\/post"}],"author":[{"embeddable":true,"href":"https:\/\/latelierdediablotin.fr\/WordPress3\/wp-json\/wp\/v2\/users\/667"}],"replies":[{"embeddable":true,"href":"https:\/\/latelierdediablotin.fr\/WordPress3\/wp-json\/wp\/v2\/comments?post=5710"}],"version-history":[{"count":0,"href":"https:\/\/latelierdediablotin.fr\/WordPress3\/wp-json\/wp\/v2\/posts\/5710\/revisions"}],"wp:attachment":[{"href":"https:\/\/latelierdediablotin.fr\/WordPress3\/wp-json\/wp\/v2\/media?parent=5710"}],"wp:term":[{"taxonomy":"category","embeddable":true,"href":"https:\/\/latelierdediablotin.fr\/WordPress3\/wp-json\/wp\/v2\/categories?post=5710"},{"taxonomy":"post_tag","embeddable":true,"href":"https:\/\/latelierdediablotin.fr\/WordPress3\/wp-json\/wp\/v2\/tags?post=5710"}],"curies":[{"name":"wp","href":"https:\/\/api.w.org\/{rel}","templated":true}]}}