{"id":6822,"date":"2017-09-22T20:54:32","date_gmt":"2017-09-22T18:54:32","guid":{"rendered":"http:\/\/latelierdediablotin.fr\/WordPress3\/?p=6822"},"modified":"2017-09-22T20:54:32","modified_gmt":"2017-09-22T18:54:32","slug":"playlist-pour-entamer-lautomne","status":"publish","type":"post","link":"https:\/\/latelierdediablotin.fr\/WordPress3\/playlist-pour-entamer-lautomne\/","title":{"rendered":"Playlist pour entamer l&rsquo;automne"},"content":{"rendered":"<p style=\"text-align: justify;\">Comme j&rsquo;ai parfois de la suite dans les id\u00e9es, la playlist de ce premier jour de l&rsquo;automne s&rsquo;inscrit dans le droit fil de celle d&rsquo;hier, et, toujours, sans c\u00e9der aux facilit\u00e9s que me procurerait l&rsquo;\u00e9coute des \u00ab\u00a0Quatre saisons\u00a0\u00bb de Vivaldi -que j&rsquo;aime beaucoup au demeurant, comme le savent les lecteurs r\u00e9guliers de ce blog-. Comme hier, donc, elle est disparate et permet de croiser les genres et les ambiances &#8211;<em>cliquer sur l&rsquo;image pour la voir en plus grand<\/em>-.<\/p>\n<p><a href=\"https:\/\/latelierdediablotin.fr\/WordPress3\/wp-content\/uploads\/2017\/09\/Playlist22092017.jpg\"><img loading=\"lazy\" decoding=\"async\" class=\"aligncenter wp-image-6823\" src=\"https:\/\/latelierdediablotin.fr\/WordPress3\/wp-content\/uploads\/2017\/09\/Playlist22092017.jpg\" alt=\"\" width=\"750\" height=\"198\" srcset=\"https:\/\/latelierdediablotin.fr\/WordPress3\/wp-content\/uploads\/2017\/09\/Playlist22092017.jpg 1521w, https:\/\/latelierdediablotin.fr\/WordPress3\/wp-content\/uploads\/2017\/09\/Playlist22092017-300x79.jpg 300w, https:\/\/latelierdediablotin.fr\/WordPress3\/wp-content\/uploads\/2017\/09\/Playlist22092017-768x202.jpg 768w, https:\/\/latelierdediablotin.fr\/WordPress3\/wp-content\/uploads\/2017\/09\/Playlist22092017-1024x270.jpg 1024w\" sizes=\"auto, (max-width: 750px) 100vw, 750px\" \/><\/a><\/p>\n<p style=\"text-align: justify;\">On y trouve donc un excellent disque ce \u00ab\u00a0pop fran\u00e7aise\u00a0\u00bb, avec <strong>Richard Gotainer<\/strong>, dont la chanson \u00ab\u00a0La photo qui jaunit\u00a0\u00bb exprime toute la m\u00e9lancolie d&rsquo;une amourette d&rsquo;\u00e9t\u00e9 entrant doucement dans le d\u00e9clin avec l&rsquo;arriv\u00e9e de l&rsquo;automne. En bon publicitaire, Gotainer encha\u00eene avec une certaine po\u00e9sie les formules chocs, port\u00e9es par d&rsquo;aimables m\u00e9lodies et l&rsquo;ensemble de l&rsquo;album est agr\u00e9able et bien construit.<\/p>\n<p style=\"text-align: justify;\">L&rsquo;album consacr\u00e9 \u00e0 quelques oeuvres orchestrales d&rsquo;<strong>Edvard Grieg<\/strong> date un peu. Il contient l&rsquo;in\u00e9vitable \u00ab\u00a0Peer Gynt\u00a0\u00bb, mais aussi la plus rare ouverture \u00ab\u00a0L&rsquo;automne\u00a0\u00bb, tout-\u00e0-fait adapt\u00e9e \u00e0 la playlist de ce jour. Tr\u00e8s honn\u00eatement, c&rsquo;est assez anecdotique, mais cette playlist me permet de retrouver un compositeur que je fr\u00e9quente en r\u00e9alit\u00e9 assez peu, mais toujours avec plaisir quand je l&rsquo;\u00e9coute.<\/p>\n<p style=\"text-align: justify;\"><strong>William Sheller<\/strong>, apr\u00e8s avoir effectu\u00e9 une tourn\u00e9e en solitaire avec son seul piano, a multipli\u00e9 par la suite les formules originales, dont celle pr\u00e9sent\u00e9e dans cet album qui rend compte d&rsquo;une tourn\u00e9e o\u00f9 il se confronta \u00e0 un quatuor \u00e0 cordes classique.Celui-ci tisse de somptueux \u00e9crins sur ces chansons, qui en sortent grandies. La reste fonctionne admirablement bien ! En extrait, ci-dessous, \u00ab\u00a0Chanson d&rsquo;automne\u00a0\u00bb &#8211;<em>sans quatuor, car c&rsquo;est un rappel<\/em>-.<\/p>\n<audio class=\"wp-audio-shortcode\" id=\"audio-6822-1\" preload=\"none\" style=\"width: 100%;\" controls=\"controls\"><source type=\"audio\/mpeg\" src=\"https:\/\/latelierdediablotin.fr\/WordPress3\/wp-content\/uploads\/2017\/09\/Extrait22092017.mp3?_=1\" \/><a href=\"https:\/\/latelierdediablotin.fr\/WordPress3\/wp-content\/uploads\/2017\/09\/Extrait22092017.mp3\">https:\/\/latelierdediablotin.fr\/WordPress3\/wp-content\/uploads\/2017\/09\/Extrait22092017.mp3<\/a><\/audio>\n<p style=\"text-align: justify;\">Enfin, malgr\u00e9 mon peu d&rsquo;app\u00e9tence pour le jazz, j&rsquo;aime beaucoup ce coffret consacr\u00e9 \u00e0 deux concerts de <strong>Miles Davis<\/strong>, avec son quintette, en 1961, \u00e0 San Francisco. A cette \u00e9poque, le trompettiste est au sommet de son talent, il est remarquablement accompagn\u00e9 et revisite des standards, dont le fameux \u00ab\u00a0Autumn Leaves\u00a0\u00bb : magnifique !<\/p>\n","protected":false},"excerpt":{"rendered":"<p>Comme j&rsquo;ai parfois de la suite dans les id\u00e9es, la playlist de ce premier jour de l&rsquo;automne s&rsquo;inscrit dans le droit fil de celle d&rsquo;hier, et, toujours, sans c\u00e9der aux facilit\u00e9s que me procurerait l&rsquo;\u00e9coute des \u00ab\u00a0Quatre saisons\u00a0\u00bb de Vivaldi -que j&rsquo;aime beaucoup au demeurant, comme le savent les lecteurs r\u00e9guliers de ce blog-. Comme [&hellip;]<\/p>\n","protected":false},"author":667,"featured_media":0,"comment_status":"open","ping_status":"closed","sticky":false,"template":"","format":"standard","meta":{"site-sidebar-layout":"default","site-content-layout":"","ast-site-content-layout":"default","site-content-style":"default","site-sidebar-style":"default","ast-global-header-display":"","ast-banner-title-visibility":"","ast-main-header-display":"","ast-hfb-above-header-display":"","ast-hfb-below-header-display":"","ast-hfb-mobile-header-display":"","site-post-title":"","ast-breadcrumbs-content":"","ast-featured-img":"","footer-sml-layout":"","ast-disable-related-posts":"","theme-transparent-header-meta":"","adv-header-id-meta":"","stick-header-meta":"","header-above-stick-meta":"","header-main-stick-meta":"","header-below-stick-meta":"","astra-migrate-meta-layouts":"default","ast-page-background-enabled":"default","ast-page-background-meta":{"desktop":{"background-color":"var(--ast-global-color-4)","background-image":"","background-repeat":"repeat","background-position":"center center","background-size":"auto","background-attachment":"scroll","background-type":"","background-media":"","overlay-type":"","overlay-color":"","overlay-opacity":"","overlay-gradient":""},"tablet":{"background-color":"","background-image":"","background-repeat":"repeat","background-position":"center center","background-size":"auto","background-attachment":"scroll","background-type":"","background-media":"","overlay-type":"","overlay-color":"","overlay-opacity":"","overlay-gradient":""},"mobile":{"background-color":"","background-image":"","background-repeat":"repeat","background-position":"center center","background-size":"auto","background-attachment":"scroll","background-type":"","background-media":"","overlay-type":"","overlay-color":"","overlay-opacity":"","overlay-gradient":""}},"ast-content-background-meta":{"desktop":{"background-color":"var(--ast-global-color-5)","background-image":"","background-repeat":"repeat","background-position":"center center","background-size":"auto","background-attachment":"scroll","background-type":"","background-media":"","overlay-type":"","overlay-color":"","overlay-opacity":"","overlay-gradient":""},"tablet":{"background-color":"var(--ast-global-color-5)","background-image":"","background-repeat":"repeat","background-position":"center center","background-size":"auto","background-attachment":"scroll","background-type":"","background-media":"","overlay-type":"","overlay-color":"","overlay-opacity":"","overlay-gradient":""},"mobile":{"background-color":"var(--ast-global-color-5)","background-image":"","background-repeat":"repeat","background-position":"center center","background-size":"auto","background-attachment":"scroll","background-type":"","background-media":"","overlay-type":"","overlay-color":"","overlay-opacity":"","overlay-gradient":""}},"footnotes":""},"categories":[4],"tags":[155,37],"class_list":["post-6822","post","type-post","status-publish","format-standard","hentry","category-musique","tag-jazz","tag-pop-rock"],"_links":{"self":[{"href":"https:\/\/latelierdediablotin.fr\/WordPress3\/wp-json\/wp\/v2\/posts\/6822","targetHints":{"allow":["GET"]}}],"collection":[{"href":"https:\/\/latelierdediablotin.fr\/WordPress3\/wp-json\/wp\/v2\/posts"}],"about":[{"href":"https:\/\/latelierdediablotin.fr\/WordPress3\/wp-json\/wp\/v2\/types\/post"}],"author":[{"embeddable":true,"href":"https:\/\/latelierdediablotin.fr\/WordPress3\/wp-json\/wp\/v2\/users\/667"}],"replies":[{"embeddable":true,"href":"https:\/\/latelierdediablotin.fr\/WordPress3\/wp-json\/wp\/v2\/comments?post=6822"}],"version-history":[{"count":0,"href":"https:\/\/latelierdediablotin.fr\/WordPress3\/wp-json\/wp\/v2\/posts\/6822\/revisions"}],"wp:attachment":[{"href":"https:\/\/latelierdediablotin.fr\/WordPress3\/wp-json\/wp\/v2\/media?parent=6822"}],"wp:term":[{"taxonomy":"category","embeddable":true,"href":"https:\/\/latelierdediablotin.fr\/WordPress3\/wp-json\/wp\/v2\/categories?post=6822"},{"taxonomy":"post_tag","embeddable":true,"href":"https:\/\/latelierdediablotin.fr\/WordPress3\/wp-json\/wp\/v2\/tags?post=6822"}],"curies":[{"name":"wp","href":"https:\/\/api.w.org\/{rel}","templated":true}]}}