{"id":8987,"date":"2019-10-06T09:09:27","date_gmt":"2019-10-06T07:09:27","guid":{"rendered":"http:\/\/latelierdediablotin.fr\/WordPress3\/?p=8987"},"modified":"2025-01-28T15:50:18","modified_gmt":"2025-01-28T14:50:18","slug":"dimanche-matin-a-lopera","status":"publish","type":"post","link":"https:\/\/latelierdediablotin.fr\/WordPress3\/dimanche-matin-a-lopera\/","title":{"rendered":"Dimanche matin \u00e0 l&rsquo;op\u00e9ra\u2026"},"content":{"rendered":"<p style=\"text-align: justify;\">Un petit d\u00e9tour dominical &#8211;<em>et matinal<\/em>&#8211; vers deux op\u00e9ras du vingti\u00e8me si\u00e8cle, d\u00e9gott\u00e9s pour une bouch\u00e9e de pain &#8211;<em>moins cher que deux baguettes<\/em>&#8211; dans des bacs d&rsquo;invendus fortement brad\u00e9s : l&rsquo;op\u00e9ra \u00ab\u00a0contemporain\u00a0\u00bb doit encore faire en peu peur au tout-venant\u2026<\/p>\n<p style=\"text-align: justify;\"><strong><a href=\"https:\/\/latelierdediablotin.fr\/WordPress3\/wp-content\/uploads\/2019\/10\/DiablesLoudun.jpg\"><img loading=\"lazy\" decoding=\"async\" class=\"alignleft size-medium wp-image-8988\" src=\"https:\/\/latelierdediablotin.fr\/WordPress3\/wp-content\/uploads\/2019\/10\/DiablesLoudun-300x294.jpg\" alt=\"\" width=\"300\" height=\"294\" srcset=\"https:\/\/latelierdediablotin.fr\/WordPress3\/wp-content\/uploads\/2019\/10\/DiablesLoudun-300x294.jpg 300w, https:\/\/latelierdediablotin.fr\/WordPress3\/wp-content\/uploads\/2019\/10\/DiablesLoudun.jpg 691w\" sizes=\"auto, (max-width: 300px) 100vw, 300px\" \/><\/a>\u2022<\/strong> \u00ab\u00a0<strong>Les Diables de Loudun<\/strong>\u00a0\u00bb raconte l&rsquo;histoire des diables de Loudun, incroyable mais vrai !<br \/>\nPour tout comprendre \u00e0 cette sombre machination politique organis\u00e9e par Richelieu sur fond religieux de chasse aux sorci\u00e8res dans la France profonde du d\u00e9but du XVII\u00e8me si\u00e8cle, vous pouvez <a href=\"https:\/\/fr.wikipedia.org\/wiki\/Affaire_des_d\u00e9mons_de_Loudun\" target=\"_blank\" rel=\"noopener noreferrer\"><span style=\"text-decoration: underline;\"><strong>vous rendre ici<\/strong><\/span><\/a>.<br \/>\nL&rsquo;enregistrement, r\u00e9alis\u00e9 en 1970 \u00e0 la suite des premi\u00e8res repr\u00e9sentations &#8211;<em>cr\u00e9ation \u00e0 Hambourg en 1969, avec un autre chef, moins connu que lui du pr\u00e9sent enregistrement<\/em>-, qui existent \u00e9galement en vid\u00e9o et ont \u00e9t\u00e9 publi\u00e9es en DVD.<br \/>\nTr\u00e8s bonne analyse de cet op\u00e9ra \u00e0 <a href=\"http:\/\/perso.u-pem.fr\/lalibert\/Exemples_fichiers\/Pdf\/Les%20diables%20de%20Loudun4.pdf\" target=\"_blank\" rel=\"noopener noreferrer\"><span style=\"text-decoration: underline;\"><strong>lire ici<\/strong><\/span><\/a>, et, plus succincte, <a href=\"https:\/\/fr.wikipedia.org\/wiki\/Les_Diables_de_Loudun_(op\u00e9ra)\" target=\"_blank\" rel=\"noopener noreferrer\"><span style=\"text-decoration: underline;\"><strong>ici<\/strong><\/span><\/a>.<\/p>\n<p style=\"text-align: justify;\"><strong><a href=\"https:\/\/latelierdediablotin.fr\/WordPress3\/wp-content\/uploads\/2019\/10\/Wozzeck_Kleiber.jpg\"><img loading=\"lazy\" decoding=\"async\" class=\"alignright size-medium wp-image-8989\" src=\"https:\/\/latelierdediablotin.fr\/WordPress3\/wp-content\/uploads\/2019\/10\/Wozzeck_Kleiber-298x300.jpg\" alt=\"\" width=\"298\" height=\"300\" srcset=\"https:\/\/latelierdediablotin.fr\/WordPress3\/wp-content\/uploads\/2019\/10\/Wozzeck_Kleiber-298x300.jpg 298w, https:\/\/latelierdediablotin.fr\/WordPress3\/wp-content\/uploads\/2019\/10\/Wozzeck_Kleiber-150x150.jpg 150w, https:\/\/latelierdediablotin.fr\/WordPress3\/wp-content\/uploads\/2019\/10\/Wozzeck_Kleiber-100x100.jpg 100w, https:\/\/latelierdediablotin.fr\/WordPress3\/wp-content\/uploads\/2019\/10\/Wozzeck_Kleiber.jpg 600w\" sizes=\"auto, (max-width: 298px) 100vw, 298px\" \/><\/a><\/strong><\/p>\n<p style=\"text-align: justify;\"><strong>\u2022<\/strong> Je ne vous pr\u00e9sente plus le \u00ab\u00a0<strong>Wozzeck<\/strong>\u00a0\u00bb d&rsquo;Alban Berg, op\u00e9ra poignant entre tous, et qui est l&rsquo;un de mes op\u00e9ras pr\u00e9f\u00e9r\u00e9s, voire peut-\u00eatre mon pr\u00e9f\u00e9r\u00e9.<br \/>\nTr\u00e8s belle version enregistr\u00e9e \u00ab\u00a0sous le manteau\u00a0\u00bb en 1970, sous la direction d&rsquo;un juv\u00e9nile Carlos Kleiber, qui n&rsquo;\u00e9tait pas encore la star absolue &#8211;<em>et capricieuse<\/em>&#8211; qu&rsquo;il devint ensuite, mais s&rsquo;inscrivait d\u00e9j\u00e0 dans les traces de son p\u00e8re &#8211;<em>qui fut cr\u00e9ateur de l&rsquo;oeuvre en 1925<\/em>-. Tr\u00e8s bien dirig\u00e9, tr\u00e8s bien chant\u00e9 &#8211; <em>et pourtant, hors Theo Adam, qui interpr\u00e8te Wozzeck, on ne retrouve aucun grand nom du chant lyrique dans cette version<\/em>-, et tout-\u00e0-fait convenablement enregistr\u00e9 : un tr\u00e8s beau moment !<\/p>\n","protected":false},"excerpt":{"rendered":"<p>Un petit d\u00e9tour dominical &#8211;et matinal&#8211; vers deux op\u00e9ras du vingti\u00e8me si\u00e8cle, d\u00e9gott\u00e9s pour une bouch\u00e9e de pain &#8211;moins cher que deux baguettes&#8211; dans des bacs d&rsquo;invendus fortement brad\u00e9s : l&rsquo;op\u00e9ra \u00ab\u00a0contemporain\u00a0\u00bb doit encore faire en peu peur au tout-venant\u2026 \u2022 \u00ab\u00a0Les Diables de Loudun\u00a0\u00bb raconte l&rsquo;histoire des diables de Loudun, incroyable mais vrai ! [&hellip;]<\/p>\n","protected":false},"author":667,"featured_media":0,"comment_status":"open","ping_status":"open","sticky":false,"template":"","format":"standard","meta":{"site-sidebar-layout":"default","site-content-layout":"","ast-site-content-layout":"default","site-content-style":"default","site-sidebar-style":"default","ast-global-header-display":"","ast-banner-title-visibility":"","ast-main-header-display":"","ast-hfb-above-header-display":"","ast-hfb-below-header-display":"","ast-hfb-mobile-header-display":"","site-post-title":"","ast-breadcrumbs-content":"","ast-featured-img":"","footer-sml-layout":"","ast-disable-related-posts":"","theme-transparent-header-meta":"default","adv-header-id-meta":"","stick-header-meta":"","header-above-stick-meta":"","header-main-stick-meta":"","header-below-stick-meta":"","astra-migrate-meta-layouts":"set","ast-page-background-enabled":"default","ast-page-background-meta":{"desktop":{"background-color":"var(--ast-global-color-4)","background-image":"","background-repeat":"repeat","background-position":"center center","background-size":"auto","background-attachment":"scroll","background-type":"","background-media":"","overlay-type":"","overlay-color":"","overlay-opacity":"","overlay-gradient":""},"tablet":{"background-color":"","background-image":"","background-repeat":"repeat","background-position":"center center","background-size":"auto","background-attachment":"scroll","background-type":"","background-media":"","overlay-type":"","overlay-color":"","overlay-opacity":"","overlay-gradient":""},"mobile":{"background-color":"","background-image":"","background-repeat":"repeat","background-position":"center center","background-size":"auto","background-attachment":"scroll","background-type":"","background-media":"","overlay-type":"","overlay-color":"","overlay-opacity":"","overlay-gradient":""}},"ast-content-background-meta":{"desktop":{"background-color":"var(--ast-global-color-5)","background-image":"","background-repeat":"repeat","background-position":"center center","background-size":"auto","background-attachment":"scroll","background-type":"","background-media":"","overlay-type":"","overlay-color":"","overlay-opacity":"","overlay-gradient":""},"tablet":{"background-color":"var(--ast-global-color-5)","background-image":"","background-repeat":"repeat","background-position":"center center","background-size":"auto","background-attachment":"scroll","background-type":"","background-media":"","overlay-type":"","overlay-color":"","overlay-opacity":"","overlay-gradient":""},"mobile":{"background-color":"var(--ast-global-color-5)","background-image":"","background-repeat":"repeat","background-position":"center center","background-size":"auto","background-attachment":"scroll","background-type":"","background-media":"","overlay-type":"","overlay-color":"","overlay-opacity":"","overlay-gradient":""}},"footnotes":""},"categories":[295,5,4],"tags":[128,67],"class_list":["post-8987","post","type-post","status-publish","format-standard","hentry","category-dimanche-a-lopera","category-lecture","category-musique","tag-berg","tag-opera"],"_links":{"self":[{"href":"https:\/\/latelierdediablotin.fr\/WordPress3\/wp-json\/wp\/v2\/posts\/8987","targetHints":{"allow":["GET"]}}],"collection":[{"href":"https:\/\/latelierdediablotin.fr\/WordPress3\/wp-json\/wp\/v2\/posts"}],"about":[{"href":"https:\/\/latelierdediablotin.fr\/WordPress3\/wp-json\/wp\/v2\/types\/post"}],"author":[{"embeddable":true,"href":"https:\/\/latelierdediablotin.fr\/WordPress3\/wp-json\/wp\/v2\/users\/667"}],"replies":[{"embeddable":true,"href":"https:\/\/latelierdediablotin.fr\/WordPress3\/wp-json\/wp\/v2\/comments?post=8987"}],"version-history":[{"count":0,"href":"https:\/\/latelierdediablotin.fr\/WordPress3\/wp-json\/wp\/v2\/posts\/8987\/revisions"}],"wp:attachment":[{"href":"https:\/\/latelierdediablotin.fr\/WordPress3\/wp-json\/wp\/v2\/media?parent=8987"}],"wp:term":[{"taxonomy":"category","embeddable":true,"href":"https:\/\/latelierdediablotin.fr\/WordPress3\/wp-json\/wp\/v2\/categories?post=8987"},{"taxonomy":"post_tag","embeddable":true,"href":"https:\/\/latelierdediablotin.fr\/WordPress3\/wp-json\/wp\/v2\/tags?post=8987"}],"curies":[{"name":"wp","href":"https:\/\/api.w.org\/{rel}","templated":true}]}}